{"id":648,"date":"2022-09-14T06:45:51","date_gmt":"2022-09-14T04:45:51","guid":{"rendered":"https:\/\/chroniquer.fr\/?p=648"},"modified":"2022-09-14T06:47:37","modified_gmt":"2022-09-14T04:47:37","slug":"44-secondes","status":"publish","type":"post","link":"https:\/\/chroniquer.fr\/index.php\/2022\/09\/14\/44-secondes\/","title":{"rendered":"44 secondes"},"content":{"rendered":"\n<figure class=\"wp-block-image size-large\"><img loading=\"lazy\" width=\"768\" height=\"1024\" src=\"https:\/\/chroniquer.fr\/wp-content\/uploads\/2022\/09\/305861619_1269840567129170_3316173519244027013_n-768x1024.jpeg\" alt=\"\" class=\"wp-image-649\" srcset=\"https:\/\/chroniquer.fr\/wp-content\/uploads\/2022\/09\/305861619_1269840567129170_3316173519244027013_n-768x1024.jpeg 768w, https:\/\/chroniquer.fr\/wp-content\/uploads\/2022\/09\/305861619_1269840567129170_3316173519244027013_n-225x300.jpeg 225w, https:\/\/chroniquer.fr\/wp-content\/uploads\/2022\/09\/305861619_1269840567129170_3316173519244027013_n-1152x1536.jpeg 1152w, https:\/\/chroniquer.fr\/wp-content\/uploads\/2022\/09\/305861619_1269840567129170_3316173519244027013_n.jpeg 1536w\" sizes=\"(max-width: 768px) 100vw, 768px\" \/><\/figure>\n\n\n\n<p class=\"has-black-color has-text-color\">Regis n\u2019arrivait pas \u00e0 la voir souffrir comme \u00e7a et se d\u00e9battre, alors il \u00e9tait devant la t\u00e9l\u00e9, vraiment devant, le plus pr\u00e8s possible pour \u00eatre le plus loin de la chambre. Moi j\u2019\u00e9tais dans la chambre avec elle, volets en tuile, quasiment dans le noir, allong\u00e9es chacune dans nos lits je n\u2019arrivais m\u00eame plus \u00e0 la regarder parfois, elle se d\u00e9battait trop. Elle cherchait \u00e0 s\u2019extraire du lit violemment, ou \u00e0 se relever avec la potence. Et le mardi soir y\u2019a eu des moments o\u00f9 elle \u00e9tait \u00ab coh\u00e9rente \u00bb, au cours de la journ\u00e9e Regis Jeanine et Mumu m\u2019ont dit \u00ab ses yeux ont chang\u00e9 son regard est diff\u00e9rent \u00bb j\u2019ai dit \u00ab pas avec moi, je trouve pas \u00bb par contre j\u2019avais not\u00e9 un changement de peau, elle \u00e9tait un peu grise, et elle arr\u00eatait de respirer 44 secondes et parfois 50.<\/p>\n\n\n\n<p class=\"has-black-color has-text-color\">Le mardi soir R\u00e9gis le nez coll\u00e9 au t\u00e9l\u00e9viseur sur France 5 pour voir un truc sur Godard, j\u2019ai expliqu\u00e9 \u00e0 maman que les soins palliatifs ne viendraient pas demain comme pr\u00e9vu mais jeudi, \u00e7a signifiait encore 2 jours comme \u00e7a c\u2019\u00e9tait impossible, sans compter apr\u00e8s le temps o\u00f9 on meurt, on a parl\u00e9, pas mal, d\u2019elle, on a trouv\u00e9 que \u00e7a serait plut\u00f4t bien si elle partait pendant la nuit, dans son sommeil et moi \u00e0 c\u00f4t\u00e9 dans le mien. R\u00e9gis est all\u00e9 faire pipi et se brosser les dents maman a dit \u00ab je crois qu\u2019il s\u2019ennuie ici \u00bb j\u2019ai dit \u00ab je crois qu\u2019il souffre plut\u00f4t \u00bb elle a dit \u00ab oui c\u2019est plut\u00f4t \u00e7a, je me trompe dans les mots \u00bb. J\u2019ai dit \u00e0 R\u00e9gis de venir dire au revoir et bonne nuit \u00e0 maman, il lui a dit \u00ab \u00e0 demain \u00bb il est mont\u00e9 dans leur chambre.<\/p>\n\n\n\n<p class=\"has-black-color has-text-color\">J\u2019ai ferm\u00e9 les volets, j\u2019ai pr\u00e9par\u00e9 le caf\u00e9, et j\u2019ai rejoint maman, elle m\u2019a demand\u00e9 une p\u00eache de vigne, du g\u00e2teau Napolitain, une limonade \u00e0 la grenadine et du coca, j\u2019ai tout donn\u00e9, elle m\u2019a dit \u00ab avant de partir je veux qu\u2019on fasse un truc \u00bb en pointant le doigt vers moi, ce \u00ab truc \u00bb c\u2019\u00e9tait \u00ab faire des bisous \u00bb on a fait plein plein plein de bisous, \u00e0 la fin elle n\u2019arrivait plus \u00e0 m\u2019embrasser elle m\u2019a dit \u00ab je n\u2019y arrive plus \u00bb sa bouche restait ferm\u00e9e. Depuis trois jours avec sa main gauche la seule qui fonctionne elle m\u2019attrapait la t\u00eate en appuyant fort sur mes joues comme pour faire le poisson elle l\u2019a refait une derni\u00e8re fois et m\u2019a dit \u00ab petit amour \u00bb je l\u2019ai embrass\u00e9 je lui ai dit \u00ab dors bien mon amour de maman \u00bb j\u2019ai actionn\u00e9 les bolus de morphine et de midazolam histoire qu\u2019elle dorme vite et profond\u00e9ment, en deux secondes elle dormait, j\u2019ai fum\u00e9 une clope dans la cuisine alors qu\u2019on fume que dehors, j\u2019ai eu un mal de bide terrible, violent \u00e0 m\u2019attraper le ventre, comme si mes tripes allaient sortir, je regardais les trucs ramen\u00e9s de l\u2019\u00eele de R\u00e9 pas loin d\u2019ici, je bloquais sur \u00e7a et sur mon mal de bide, j\u2019ai ouvert la fen\u00eatre de la cuisine \u00e0 cause de la clope, je suis retourn\u00e9e dans la chambre je savais qu\u2019elle pouvait \u00eatre d\u00e9j\u00e0 partie, elle respirait mal, tr\u00e8s mal, j\u2019ai pris un anxyolitique j\u2019ai r\u00e9pondu \u00e0 deux \/ trois SMS vite fait et je me suis endormie \u00e0 21:52. 4 h je me l\u00e8ve, elle respire toujours, encore plus mal, j\u2019appuie sur les pompes \u00e0 morphine et midazolam, je pr\u00e9pare le caf\u00e9<\/p>\n","protected":false},"excerpt":{"rendered":"<p>Regis n\u2019arrivait pas \u00e0 la voir souffrir comme \u00e7a et se d\u00e9battre, alors il \u00e9tait&#8230;<\/p>\n<div class=\"more-link-wrapper\"><a class=\"more-link\" href=\"https:\/\/chroniquer.fr\/index.php\/2022\/09\/14\/44-secondes\/\">Read the post<span class=\"screen-reader-text\">44 secondes<\/span><\/a><\/div>\n","protected":false},"author":1,"featured_media":0,"comment_status":"open","ping_status":"open","sticky":false,"template":"","format":"standard","meta":[],"categories":[159],"tags":[],"_links":{"self":[{"href":"https:\/\/chroniquer.fr\/index.php\/wp-json\/wp\/v2\/posts\/648"}],"collection":[{"href":"https:\/\/chroniquer.fr\/index.php\/wp-json\/wp\/v2\/posts"}],"about":[{"href":"https:\/\/chroniquer.fr\/index.php\/wp-json\/wp\/v2\/types\/post"}],"author":[{"embeddable":true,"href":"https:\/\/chroniquer.fr\/index.php\/wp-json\/wp\/v2\/users\/1"}],"replies":[{"embeddable":true,"href":"https:\/\/chroniquer.fr\/index.php\/wp-json\/wp\/v2\/comments?post=648"}],"version-history":[{"count":2,"href":"https:\/\/chroniquer.fr\/index.php\/wp-json\/wp\/v2\/posts\/648\/revisions"}],"predecessor-version":[{"id":651,"href":"https:\/\/chroniquer.fr\/index.php\/wp-json\/wp\/v2\/posts\/648\/revisions\/651"}],"wp:attachment":[{"href":"https:\/\/chroniquer.fr\/index.php\/wp-json\/wp\/v2\/media?parent=648"}],"wp:term":[{"taxonomy":"category","embeddable":true,"href":"https:\/\/chroniquer.fr\/index.php\/wp-json\/wp\/v2\/categories?post=648"},{"taxonomy":"post_tag","embeddable":true,"href":"https:\/\/chroniquer.fr\/index.php\/wp-json\/wp\/v2\/tags?post=648"}],"curies":[{"name":"wp","href":"https:\/\/api.w.org\/{rel}","templated":true}]}}