{"id":645,"date":"2022-09-13T17:04:04","date_gmt":"2022-09-13T15:04:04","guid":{"rendered":"https:\/\/chroniquer.fr\/?p=645"},"modified":"2022-09-13T17:04:08","modified_gmt":"2022-09-13T15:04:08","slug":"femme-au-bord-de-la-crise-de-nerf","status":"publish","type":"post","link":"https:\/\/chroniquer.fr\/index.php\/2022\/09\/13\/femme-au-bord-de-la-crise-de-nerf\/","title":{"rendered":"Femme au bord de la crise de nerf"},"content":{"rendered":"\n<figure class=\"wp-block-image size-large\"><img loading=\"lazy\" width=\"768\" height=\"1024\" src=\"https:\/\/chroniquer.fr\/wp-content\/uploads\/2022\/09\/305613950_1049175822426802_6049953269462107307_n-768x1024.jpg\" alt=\"\" class=\"wp-image-646\" srcset=\"https:\/\/chroniquer.fr\/wp-content\/uploads\/2022\/09\/305613950_1049175822426802_6049953269462107307_n-768x1024.jpg 768w, https:\/\/chroniquer.fr\/wp-content\/uploads\/2022\/09\/305613950_1049175822426802_6049953269462107307_n-225x300.jpg 225w, https:\/\/chroniquer.fr\/wp-content\/uploads\/2022\/09\/305613950_1049175822426802_6049953269462107307_n-1152x1536.jpg 1152w, https:\/\/chroniquer.fr\/wp-content\/uploads\/2022\/09\/305613950_1049175822426802_6049953269462107307_n-1536x2048.jpg 1536w, https:\/\/chroniquer.fr\/wp-content\/uploads\/2022\/09\/305613950_1049175822426802_6049953269462107307_n-scaled.jpg 1920w\" sizes=\"(max-width: 768px) 100vw, 768px\" \/><\/figure>\n\n\n\n<p><\/p>\n\n\n\n<p class=\"has-black-color has-text-color\">La Gironde br\u00fble la Charente a l\u2019odeur, mardi matin \u00e0 4 h en me levant, une odeur de br\u00fbl\u00e9 \u00e9tait si forte que j\u2019ai cru que le village \u00e9tait en feu, au moins la maison de mon oncle sur notre terrain avec les chevaux, dans la nuit pieds nus je suis all\u00e9e derri\u00e8re la maison, puis dans la rue, enfin sur la place du village o\u00f9 vit Jeanine, pour v\u00e9rifier. En fait Bordeaux br\u00fble et \u00e7a arrive jusque l\u00e0.<\/p>\n\n\n\n<p class=\"has-black-color has-text-color\">J\u2019annonce la mort de Godard \u00e0 maman en disant \u00ab <a><\/a>\u00e7a va on va pas le chialer il a 90 balais \u00bb puis je lui annonce qu\u2019il est possible qu\u2019un projet de loi \u00e9mane sur la fin de vie maman tourne la t\u00eate et dit \u00ab oui \u00e7a serait bien OUAIS \u00bb dans 15 ans quoi.<\/p>\n\n\n\n<p class=\"has-black-color has-text-color\">Mardi matin je suis dans un \u00e9tat second j\u2019ai mal au ventre, je somatise, depuis la pose des pompes vendredi j\u2019ai un abc\u00e8s de stress qui est arriv\u00e9, ils viennent, les gens en blanc demain mercredi \u00e0 11h, une psychologue est pr\u00e9vue pour moi. Mumu et jeanine sont venues c\u2019est le moment o\u00f9 moi je me mets en pause et je vais sur la terrasse je les laisse entre vieilles.<\/p>\n\n\n\n<p class=\"has-black-color has-text-color\">Jeanine a cru donner du sirop de menthe \u00e0 maman, en fait c\u2019\u00e9tait la solution nettoyante des aides soignantes bon c\u2019est comme si elle avait bu du Cif, elle a pris 3 gorg\u00e9es en disant \u00ab c\u2019est pas bon \u00bb. Elle a fum\u00e9, elle fume encore mais aujourd\u2019hui la clope s\u2019arr\u00eate au bout d\u2019une taff \u00ab je pense que c\u2019est plus prudent si j\u2019arr\u00eate de fumer \u00bb en vrai j\u2019ai \u00e9clat\u00e9 de rire. Et puis un peu avant midi \u00e7a n\u2019allait plus, elle ne trouve plus ses mots, s\u2019\u00e9nerve, a mal, se d\u00e9bat. Voil\u00e0. L\u2019\u0153d\u00e8me c\u00e9r\u00e9bral a d\u00fb comprendre que yavait plus la cortisone, un peu con cet \u0153d\u00e8me il a mis 48 h.<\/p>\n\n\n\n<p class=\"has-black-color has-text-color\">Une des meufs des soins palliatifs m\u2019a t\u00e9l\u00e9phon\u00e9 peu apr\u00e8s pour savoir comment moi je vais, on a parl\u00e9 de tout et de rien et elle m\u2019a dit \u00ab je pensais pas que votre maman arr\u00eaterait r\u00e9ellement ses m\u00e9dicaments \u00bb et puis \u2026 \u00ab on est plus s\u00fbr pour mercredi la medecin de l\u2019HAD doit vous contacter mercredi matin \u00bb c\u2019est moi qui vais vriller zinzin je n\u2019en peux plus, plus une seule seconde, je me suis pr\u00e9par\u00e9e \u00e0 mercredi, je l\u2019ai pr\u00e9par\u00e9e \u00e0 mercredi et l\u00e0 ils jouent avec nos nerfs je suis en train de c\u00e2bler totalement, elle doit partir il faut que tout \u00e7a cesse totalement je suis trop sur la tangente, elle est agit\u00e9e depuis ce midi, cherche \u00e0 sortir du lit \u00e0 se lever c\u2019est peut \u00eatre les crises d\u2019 \u00e9pilepsie, 16 h : appel de l\u2019HAD, \u00ab comment elle va? \u00bb \u00ab mal \u00e7a se d\u00e9grade elle est agit\u00e9e et confuse \u00bb \u00e7a sera jeudi.<\/p>\n\n\n\n<p><a href=\"https:\/\/www.facebook.com\/photo\/?fbid=10160228707955750&amp;set=a.10157863482105750&amp;__cft__[0]=AZWpoapYVP35rn6yZBnLFd8iEfJxqmXzyGobXXiVWAJdMnsF6ototYHX-rG9PPkA3ICy2aLBqbP5ZIdvUPrBgacqAWsqS5CwADFWgsNFo9QIHBqwt23CRAKSwDnJQ_Uh_Jruz5kik5M9_NH28RqGZ2kUeBsCf4JCLFk63AbOA4b5Wg&amp;__tn__=EH-R\"><\/a><\/p>\n\n\n\n<p><\/p>\n","protected":false},"excerpt":{"rendered":"<p>La Gironde br\u00fble la Charente a l\u2019odeur, mardi matin \u00e0 4 h en me levant,&#8230;<\/p>\n<div class=\"more-link-wrapper\"><a class=\"more-link\" href=\"https:\/\/chroniquer.fr\/index.php\/2022\/09\/13\/femme-au-bord-de-la-crise-de-nerf\/\">Read the post<span class=\"screen-reader-text\">Femme au bord de la crise de nerf<\/span><\/a><\/div>\n","protected":false},"author":1,"featured_media":0,"comment_status":"open","ping_status":"open","sticky":false,"template":"","format":"standard","meta":[],"categories":[159],"tags":[],"_links":{"self":[{"href":"https:\/\/chroniquer.fr\/index.php\/wp-json\/wp\/v2\/posts\/645"}],"collection":[{"href":"https:\/\/chroniquer.fr\/index.php\/wp-json\/wp\/v2\/posts"}],"about":[{"href":"https:\/\/chroniquer.fr\/index.php\/wp-json\/wp\/v2\/types\/post"}],"author":[{"embeddable":true,"href":"https:\/\/chroniquer.fr\/index.php\/wp-json\/wp\/v2\/users\/1"}],"replies":[{"embeddable":true,"href":"https:\/\/chroniquer.fr\/index.php\/wp-json\/wp\/v2\/comments?post=645"}],"version-history":[{"count":1,"href":"https:\/\/chroniquer.fr\/index.php\/wp-json\/wp\/v2\/posts\/645\/revisions"}],"predecessor-version":[{"id":647,"href":"https:\/\/chroniquer.fr\/index.php\/wp-json\/wp\/v2\/posts\/645\/revisions\/647"}],"wp:attachment":[{"href":"https:\/\/chroniquer.fr\/index.php\/wp-json\/wp\/v2\/media?parent=645"}],"wp:term":[{"taxonomy":"category","embeddable":true,"href":"https:\/\/chroniquer.fr\/index.php\/wp-json\/wp\/v2\/categories?post=645"},{"taxonomy":"post_tag","embeddable":true,"href":"https:\/\/chroniquer.fr\/index.php\/wp-json\/wp\/v2\/tags?post=645"}],"curies":[{"name":"wp","href":"https:\/\/api.w.org\/{rel}","templated":true}]}}