{"id":56,"date":"2020-06-15T21:14:48","date_gmt":"2020-06-15T19:14:48","guid":{"rendered":"http:\/\/chroniquer.fr\/?p=56"},"modified":"2020-09-13T16:52:19","modified_gmt":"2020-09-13T14:52:19","slug":"titi-et-minou","status":"publish","type":"post","link":"https:\/\/chroniquer.fr\/index.php\/2020\/06\/15\/titi-et-minou\/","title":{"rendered":"Titi et minou"},"content":{"rendered":"\n<div class=\"wp-block-image\"><figure class=\"aligncenter size-large\"><img loading=\"lazy\" width=\"720\" height=\"960\" src=\"https:\/\/chroniquer.fr\/wp-content\/uploads\/2020\/06\/101814722_585546995407036_5535017988937220096_n-1.jpg\" alt=\"\" class=\"wp-image-57\" srcset=\"https:\/\/chroniquer.fr\/wp-content\/uploads\/2020\/06\/101814722_585546995407036_5535017988937220096_n-1.jpg 720w, https:\/\/chroniquer.fr\/wp-content\/uploads\/2020\/06\/101814722_585546995407036_5535017988937220096_n-1-225x300.jpg 225w\" sizes=\"(max-width: 720px) 100vw, 720px\" \/><\/figure><\/div>\n\n\n\n<p>Retour en terrasse, un bar un peu d\u00e9glingu\u00e9; pas l\u2019endroit o\u00f9 croiser des stars, plut\u00f4t un endroit o\u00f9 rencontrer des alcooliques. Deux filles sont en train de manger :&nbsp;<\/p>\n\n\n\n<p>-\u00ab&nbsp;light car j\u2019ai pris du poids pendant le confinement&nbsp;\u00bb<\/p>\n\n\n\n<p>Elles parlent de la vie militante, de la manif contre les violences polici\u00e8res :&nbsp;<\/p>\n\n\n\n<p>\u00ab&nbsp;Je comprends un truc, c\u2019est que quand tu es militant tu te fais bouffer par tout, c\u2019est horrible&nbsp;\u00bb&nbsp;<\/p>\n\n\n\n<p>En fait, elle a eu un rencard <em>Tinder<\/em> et elle a pas kiff\u00e9 quand elle a demand\u00e9 au gars ce qu\u2019il pensait des \u00ab&nbsp;vibes&nbsp;\u00bb du moment et \u00e7a la \u00ab&nbsp;ronge&nbsp;\u00bb. Elle s\u2019est \u00ab&nbsp;\u00e9pil\u00e9e pour rien&nbsp;\u00bb<\/p>\n\n\n\n<p>-\u00ab&nbsp;En fait je deviens agressive, j\u2019agresse les gens, les autres, ceux qui sont pas engag\u00e9s, ceux qui s\u2019en foutent, je peux plus voir des mecs qui sont pas politis\u00e9s&nbsp;\u00bb<\/p>\n\n\n\n<p>Sa copine est d\u2019accord, elle parle aussi des \u00ab&nbsp;vibes&nbsp;\u00bb tr\u00e8s cool du moment, et surtout,<\/p>\n\n\n\n<p>-\u00ab&nbsp;Je sais pas si t\u2019as remarqu\u00e9e mais les gens sont tellement heureux de manifester, ils sourient, moi j\u2019ai l\u2019impression d\u2019\u00eatre dans le sud&nbsp;\u00bb.<\/p>\n\n\n\n<p>Un mec arrive; il a des claquettes FILA, des cheveux un peu long sales, <em>Tote bag<\/em> Jacques Chirac, c\u2019est un bobo, s\u00fbrement investi par toutes les associations possibles. Il ressemble \u00e0 Fr\u00e9d\u00e9ric Lerner et attend un copain qui arrive 3 minutes apr\u00e8s lui. Ils se parlent de leurs \u00ab&nbsp;projets&nbsp;\u00bb :&nbsp;<\/p>\n\n\n\n<p>-\u00ab&nbsp;Je suis toujours sur mon projet de film sur Tintin l\u00e0 bah je fais le sc\u00e9nar \u00e0 fond, donc Milou tout \u00e7a&nbsp;\u00bb, son pote l\u2019interrompt :&nbsp;<\/p>\n\n\n\n<p>-\u00ab&nbsp;Mais attends, Tintin je crois que Spielberg en a fait un film&nbsp;\u00bb, le mec en claquette crie :&nbsp;<\/p>\n\n\n\n<p>\u00ab&nbsp;Quoi? Attends, tu rigoles?!&nbsp;\u00bb son pote rigole pas vu que le gars regarde son portable pour v\u00e9rifier et MERDE Spielberg a VRAIMENT fait un film sur Tintin. Un homme lambda serait d\u00e9pit\u00e9. Lui, non, il remet son tel dans la poche et annonce ferme : \u00ab&nbsp;Mouais mon projet est mieux&nbsp;\u00bb. Mieux qu\u2019un film de Spielberg, donc. Il reprend son tel :&nbsp;<\/p>\n\n\n\n<p>\u00ab&nbsp;Merde y\u2019a Daniel Craig dans le film&nbsp;\u00bb et \u00e7a, \u00e7a le \u00ab&nbsp;fait chier&nbsp;\u00bb car du coup il va devoir \u00ab&nbsp;r\u00e9\u00e9crire une bonne partie du truc&nbsp;\u00bb tout \u00e7a \u00e0 cause de ce connard de James Bond. Il se rassure, commente \u00e0 voix haute la filmographie de Daniel Craig : \u00ab&nbsp; <em>Munich<\/em> c\u2019est nul, <em>Millenium<\/em> c\u2019est nul, <em>Star wars<\/em> c\u2019est nul&nbsp;\u00bb. Bon finalement Daniel Craig est un \u00ab&nbsp;acteur de merde&nbsp;\u00bb mais il va quand m\u00eame \u00ab&nbsp;le <em>follow<\/em> sur insta&nbsp;\u00bb et poursuit. Actuellement il a un job alimentaire dans des boites de prod \u00ab&nbsp;de connards&nbsp;\u00bb et il fait des interviews de gens. Il dit \u00e0 son pote :&nbsp;<\/p>\n\n\n\n<p>\u00ab&nbsp;C\u2019est dingue tu sais, mais quand tu laisses la parole aux gens et bah finalement ils ont rien \u00e0 dire. Moi tu vois, j\u2019ai des tas de choses \u00e0 dire&nbsp;\u00bb, on le croit sans probl\u00e8me vu que son copain ne peut pas parler. Il poursuit :&nbsp;<\/p>\n\n\n\n<p>\u00ab&nbsp;Tu vois, moi, ce matin paf j\u2019me&nbsp; l\u00e8ve j\u2019\u00e9cris un chapitre sur Milou, oui oui un chapitre ahaha, un chapitre sur un petit chien c\u2019est dur\u00bb, d\u2019ailleurs il dit en apart\u00e9 :&nbsp;<\/p>\n\n\n\n<p>\u00ab&nbsp;Au fait \u00e7a va mieux hein, j\u2019ai arr\u00eat\u00e9 les pintes de bi\u00e8re au petit d\u00e9j, j\u2019\u00e9tais \u00e0 2 litres le matin&nbsp;\u00bb et continue sur Tintin :&nbsp;<\/p>\n\n\n\n<p>\u00ab&nbsp;Je suis sur le sc\u00e9nar depuis 3 ans quand m\u00eame&nbsp;\u00bb (aucun jugement de la part de l\u2019autrice qui tente de finir un livre depuis Mathusalem ) son pote prend des pincettes :&nbsp;<\/p>\n\n\n\n<p>-\u00ab&nbsp;Mais tu sais je crois, JE CROIS, que les h\u00e9ritiers de Tintin bah c\u2019est pas facile pour eux de dire ok pour un projet\u2026je crois, hein&nbsp;\u00bb&nbsp;<\/p>\n\n\n\n<p>Le Spielberg Fran\u00e7ais qui ferait mieux&nbsp; n\u2019a \u00ab&nbsp;jamais entendu parler de cette histoire l\u00e0, tu es s\u00fbr?&nbsp;\u00bb, il s\u2019appr\u00eate \u00e0 d\u00e9gainer son t\u00e9l\u00e9phone encore puis se ravise :&nbsp;<\/p>\n\n\n\n<p>\u00ab&nbsp;Pas grave, je rebaptise Tintin et l\u2019appelle Kiki, Titi enfin tu vois.&nbsp;\u00bb&nbsp;<\/p>\n\n\n\n<p>Le pote voit bien mais ne dit rien. Il y a une longue pause, puis le Spielberg fran\u00e7ais annonce, \u00e9vasif : \u00ab&nbsp;Ou alors je fais Ast\u00e9rix.&nbsp;\u00bb Apparemment il est pas au courant que y\u2019a eu d\u00e9j\u00e0 des films; dans pas longtemps il va apprendre que Spielberg a aussi fait <em>Jurassic park<\/em> alors qu\u2019il en a eu l\u2019id\u00e9e le premier. Pas besoin d\u2019\u00eatre encourag\u00e9 par son ami, il se lance des fleurs :&nbsp;<\/p>\n\n\n\n<p>\u00ab&nbsp;L\u00e0 o\u00f9 je suis bon tu vois, c\u2019est que j\u2019ai r\u00e9ussi avec Tintin \u00e0 faire une esp\u00e8ce d\u2019esth\u00e9tisation de l\u2019humanit\u00e9 avec le chien aussi, ouais, Milou quoi &nbsp;\u00bb Il annonce \u00e7a, comme tel. \u00ab&nbsp;Tu vois en fait avec Tintin y\u2019a des questions hyper int\u00e9ressantes et importantes, qui il est? \u00c7a peut devenir \u00ab&nbsp;qui TU es&nbsp;?&nbsp;\u00bb, C\u2019est qui Milou en fait? (un chien), c\u2019est qui le Capitaine Haddock? (Olivier de Kersauson), la Castafiore, c\u2019est quoi? (impossible \u00e0 dire sans avoir un proc\u00e8s au cul), est ce que Tintin il a d\u00e9j\u00e0 fait une crasse \u00e0 quelqu\u2019un? On veut savoir&nbsp;\u00bb. Y\u2019a que lui qui veut savoir. \u00c0 ce moment l\u00e0 y\u2019a 2 mamies qui se mettent entre les cin\u00e9astes et moi. Le serveur leur dit que&nbsp;<\/p>\n\n\n\n<p>-\u00ab&nbsp;C\u2019est mieux d\u2019aller l\u00e0 bas pour la distanciation sociale&nbsp;\u00bb, les mamies r\u00e9pondent&nbsp;<\/p>\n\n\n\n<p>-\u00ab&nbsp;On conna\u00eet le patron&nbsp;\u00bb.&nbsp;<\/p>\n\n\n\n<p>Le serveur laisse tomber et encaisse le cin\u00e9aste, qui dit :<\/p>\n\n\n\n<p>-\u00ab&nbsp;Putain c\u2019est cher les bi\u00e8res !&nbsp;\u00bb. Il paye et reprend :&nbsp;<\/p>\n\n\n\n<p>\u00ab&nbsp;Je peux aussi faire un Tintin fa\u00e7on <em>fantasy;<\/em>&nbsp; t\u2019as vu le seigneur des anneaux? Tintin se parlerait \u00e0 lui m\u00eame. Un Tintin conceptuel; faut que je r\u00e9fl\u00e9chisse \u00e0 changer des trucs l\u00e0, tu vois, l\u00e0, j\u2019ai des id\u00e9es bam bam bam&nbsp;\u00bb \u00e0 chaque \u00ab&nbsp;BAM&nbsp;\u00bb il claque des doigts comme un mec de start up en r\u00e9union <em>brainstorming<\/em>. Je vais partir; le cin\u00e9aste me regarde ranger mon carnet et me demande \u00ab&nbsp;Vous \u00e9crivez quoi?&nbsp;\u00bb. Je suis prise au d\u00e9pourvu et lui dis avec un \u00e9norme sourire&nbsp;<\/p>\n\n\n\n<p>-\u00ab&nbsp;Une BD sur Tintin&nbsp;\u00bb. Il r\u00e9pond:&nbsp;<\/p>\n\n\n\n<p>-\u00ab&nbsp;Mais c\u2019est dingue moi aussi, enfin c\u2019est plus long, j\u2019\u00e9cris un film sur Tintin! J\u2019esp\u00e8re qu\u2019on \u00e9crit pas la m\u00eame histoire&nbsp;\u00bb&nbsp;<\/p>\n\n\n\n<p>Je lui r\u00e9torque que non, je n\u2019ai&nbsp;aucune imagination.<\/p>\n\n\n\n<p>\u00ab&nbsp;Ah. Moi, j\u2019en ai !&nbsp;\u00bb<\/p>\n\n\n\n<p>Oui, je sais. (5\/06\/20)<\/p>\n","protected":false},"excerpt":{"rendered":"<p>Retour en terrasse, un bar un peu d\u00e9glingu\u00e9; pas l\u2019endroit o\u00f9 croiser des stars, plut\u00f4t&#8230;<\/p>\n<div class=\"more-link-wrapper\"><a class=\"more-link\" href=\"https:\/\/chroniquer.fr\/index.php\/2020\/06\/15\/titi-et-minou\/\">Read the post<span class=\"screen-reader-text\">Titi et minou<\/span><\/a><\/div>\n","protected":false},"author":1,"featured_media":0,"comment_status":"open","ping_status":"open","sticky":false,"template":"","format":"standard","meta":[],"categories":[107,33],"tags":[75,74,76,73],"_links":{"self":[{"href":"https:\/\/chroniquer.fr\/index.php\/wp-json\/wp\/v2\/posts\/56"}],"collection":[{"href":"https:\/\/chroniquer.fr\/index.php\/wp-json\/wp\/v2\/posts"}],"about":[{"href":"https:\/\/chroniquer.fr\/index.php\/wp-json\/wp\/v2\/types\/post"}],"author":[{"embeddable":true,"href":"https:\/\/chroniquer.fr\/index.php\/wp-json\/wp\/v2\/users\/1"}],"replies":[{"embeddable":true,"href":"https:\/\/chroniquer.fr\/index.php\/wp-json\/wp\/v2\/comments?post=56"}],"version-history":[{"count":3,"href":"https:\/\/chroniquer.fr\/index.php\/wp-json\/wp\/v2\/posts\/56\/revisions"}],"predecessor-version":[{"id":150,"href":"https:\/\/chroniquer.fr\/index.php\/wp-json\/wp\/v2\/posts\/56\/revisions\/150"}],"wp:attachment":[{"href":"https:\/\/chroniquer.fr\/index.php\/wp-json\/wp\/v2\/media?parent=56"}],"wp:term":[{"taxonomy":"category","embeddable":true,"href":"https:\/\/chroniquer.fr\/index.php\/wp-json\/wp\/v2\/categories?post=56"},{"taxonomy":"post_tag","embeddable":true,"href":"https:\/\/chroniquer.fr\/index.php\/wp-json\/wp\/v2\/tags?post=56"}],"curies":[{"name":"wp","href":"https:\/\/api.w.org\/{rel}","templated":true}]}}