{"id":504,"date":"2021-08-07T20:10:28","date_gmt":"2021-08-07T18:10:28","guid":{"rendered":"https:\/\/chroniquer.fr\/?p=504"},"modified":"2021-08-07T20:10:28","modified_gmt":"2021-08-07T18:10:28","slug":"a-boire-et-a-manger","status":"publish","type":"post","link":"https:\/\/chroniquer.fr\/index.php\/2021\/08\/07\/a-boire-et-a-manger\/","title":{"rendered":"\u00e0 boire et \u00e0 manger"},"content":{"rendered":"\n<figure class=\"wp-block-image size-large\"><img loading=\"lazy\" width=\"875\" height=\"1024\" src=\"https:\/\/chroniquer.fr\/wp-content\/uploads\/2021\/08\/228586550_521443769123939_5726864208439504659_n-875x1024.jpg\" alt=\"\" class=\"wp-image-505\" srcset=\"https:\/\/chroniquer.fr\/wp-content\/uploads\/2021\/08\/228586550_521443769123939_5726864208439504659_n-875x1024.jpg 875w, https:\/\/chroniquer.fr\/wp-content\/uploads\/2021\/08\/228586550_521443769123939_5726864208439504659_n-256x300.jpg 256w, https:\/\/chroniquer.fr\/wp-content\/uploads\/2021\/08\/228586550_521443769123939_5726864208439504659_n-768x898.jpg 768w, https:\/\/chroniquer.fr\/wp-content\/uploads\/2021\/08\/228586550_521443769123939_5726864208439504659_n-1313x1536.jpg 1313w, https:\/\/chroniquer.fr\/wp-content\/uploads\/2021\/08\/228586550_521443769123939_5726864208439504659_n-1751x2048.jpg 1751w\" sizes=\"(max-width: 875px) 100vw, 875px\" \/><\/figure>\n\n\n\n<p><\/p>\n\n\n\n<p>Trois manifestations \u00e0 Paris ce samedi, j\u2019arrive une premi\u00e8re fois trop t\u00f4t, une seconde fois trop tard et une troisi\u00e8me fois \u00e0 la plus petite je pense mais \u00e7a sent quand m\u00eame bien le cluster covid variant de tous les pays du monde donc je sors mon masque FFP2, je me mets pas loin des organisateurs, une femme avec un sac \u00ab&nbsp;La vie est belle \u00e0 Paris&nbsp;\u00bb crie que \u00ab&nbsp;Bah \u00e7a c\u2019\u00e9tait AVANT&nbsp;\u00bb car elle n\u2019est pas \u00ab&nbsp;dupe, la vie elle sera JAMAIS PLUS&nbsp;belle&nbsp;\u00bb, il y a des gens qui sont l\u00e0 pour protester contre \u00ab&nbsp;la dictature sanitaire&nbsp;\u00bb et d\u2019autres qui cherchent \u00e0 alerter&nbsp;: des enfants vont \u00eatre tu\u00e9s \u00ab&nbsp;c\u2019est pr\u00e9vu&nbsp;\u00bb on nous dit, la femme qui nous informe de cette situation dramatique pour les nouveaux n\u00e9s Fran\u00e7ais me tend une p\u00e9tition \u00e0 signer pour \u00ab&nbsp;garder les enfants en vie&nbsp;\u00bb je refuse et je dis aussi non \u00e0 une deuxi\u00e8me p\u00e9tition, je suis remarqu\u00e9e, un homme et une femme viennent faire mon recensement&nbsp;: \u00ab&nbsp;Vous \u00eates vaccin\u00e9e&nbsp;?&nbsp;\u00bb je r\u00e9ponds par l\u2019affirmative en rajoutant \u00ab&nbsp;bien s\u00fbr&nbsp;\u00bb \u00ab&nbsp;Et\u2026on peut SAVOIR LA DATE MADAME&nbsp;?&nbsp;\u00bb je dis que \u00e7a date de Mai, ils sont horrifi\u00e9s je l\u2019ai fait AVANT l\u2019allocution de Macron, ils me disent \u00ab&nbsp;Ah oui vous \u00eates une collabo&nbsp;\u00bb encore une fois j\u2019acquiesce, une collabo qui refuse de signer pour pr\u00e9server la vie des enfants fran\u00e7ais, je suis l\u00e0-bas depuis 15 minutes.<\/p>\n\n\n\n<p>La femme qui est \u00e0 la t\u00eate de la manif prend le micro elle se pr\u00e9sente\u00a0: \u00ab\u00a0Ceux qui le savent pas c\u2019est Paris pour la libert\u00e9, issu des gilets jaunes, on est en lien avec des anti vaccin, pour ceux qui le savent pas c\u2019est un collectif ouvert \u00e0 tous\u00a0\u00bb il y a m\u00eame des \u00ab\u00a0m\u00e9decins euh euh euh bon des m\u00e9decins qui sont avec nous\u00a0\u00bb et surtout \u00ab\u00a0Patricia et\u00a0 Thierry\u00a0\u00bb mais \u00ab\u00a0ils sont pas l\u00e0 ils ont pris des cong\u00e9s l\u00e0 du coup bon euh faut qu\u2019on mette une pression de DINGUE\u00a0\u00bb elle donne rendez vous le 28 aout \u00e0 tous les Fran\u00e7ais\u00a0: \u00ab\u00a0On va pas se laisser faire LE PASS PASSERA PAS on va crier dans la rue, haut les c\u0153urs\u00a0!\u00a0\u00bb un flic (en civil) vient la voir\u00a0 il lui dit qu\u2019il faut bouger maintenant, en fait la manif veut passer par le Louvre et les petites rues et de ce que je comprends c\u2019est pas ce qui \u00e9tait pr\u00e9vu avec la pr\u00e9fecture, la police est sur les nerfs, mais l\u2019organisatrice de la manif s\u2019en fiche elle nous annonce le gros gros \u00e9v\u00e8nement de la manif\u00a0: \u00ab\u00a0 On a des petites seringues gonflables\u00a0!! L\u2019id\u00e9e c\u2019est qu\u2019on les brandissent tous en l\u2019air, on peut les gonfler les m\u00e9dias sont friands de ce genre de chose, oui je parle pardon Monsieur\u00a0\u00bb la police essaie encore de lui parler mais l\u2019organisatrice sans Patricia et Thierry est s\u00fbrement ravie d\u2019\u00eatre la chef aujourd\u2019hui car elle prend le micro pour faire comme bruit\u00a0: \u00ab\u00a0Hello, hola\u00a0 hello hola hola\u00a0!!\u00a0\u00bb on s\u2019appr\u00eate \u00e0 partir quand un homme me parle en me regardant\u00a0: \u00ab\u00a0Ah bah elle a un b\u00e9ret elle aussi\u00a0! Elle vient du pays basque comme moi\u00a0?\u00a0\u00bb je dis que non, il ne m\u2019\u00e9coute pas et me dit \u00ab\u00a0Moi je suis apolitique je suis l\u00e0 pour le principe\u00a0\u00bb il dit \u00e7a en se dirigeant vers d\u2019autres personnes plus int\u00e9ressantes que mon b\u00e9ret et moi\u00a0: une femme avec un carton autour du cou comme un condamn\u00e9 \u00e0 mort au moyen Age, il s\u2019immisce dans le groupe et dit\u00a0: \u00ab\u00a0On est d\u2019accord vous \u00eates que contre le pass hein c\u2019est pas anti vax parce que moi j\u2019ai eu le covid et..\u00a0\u00bb \u00ab\u00a0CA EXISTE PAS LE COVID MONSIEUUUUUUUR\u00a0 CA EXISTE PAAAAS\u00bb \u00ab\u00a0Ah bah si moi j\u2019\u00e9tais \u00e0 l\u2019hopit..\u00a0\u00bb \u00ab\u00a0BAH NON C\u2019EST PAS VRAI C\u2019EST UN RHUME \u00ab\u00a0 l\u2019homme au b\u00e9ret s\u2019en va d\u00e9pit\u00e9, la femme future guillotin\u00e9e aussi en criant \u00ab\u00a0ON VEUT LA VERITE SUR LA CRISE, LIBERE L\u2019HUMAIN QUI EST EN TOI\u00a0\u00bb \u00e7a fait un peu new age et quelqu\u2019un crie encore plus fort\u00a0: \u00ab\u00a0LEVEZ LES PANNEAUX FAUT QUON LES VOYE, FAUT QUON VOYE LES PANNEAUX MERCI\u00a0\u00bb, la manif avance enfin et passe par la pyramide du Louvre, devant les touristes aux yeux \u00e9carquill\u00e9s un truc tr\u00e8s fran\u00e7ais surement, un gilet jaune, une pancarte en carton en c\u0153ur avec \u00e9crit libert\u00e9 et tout \u00e7a devant le plus grand mus\u00e9e du monde, il y a m\u00eame 2 Anonymous avec une corne de brume qui s\u2019en servent \u00e0 chaque fois avant de crier\u00a0: \u00a0\u00ab\u00a0FABIUS VIRUS\u00a0\u00bb, \u00ab\u00a0LA LIBERTE C\u2019EST PAS FLASHER\u00a0\u00bb franchement les slogans c\u2019est pas ouf, ni l\u2019ambiance je pr\u00e9f\u00e8re les manifs pour les retraites, y\u2019a du Zebda, l\u00e0 \u00e7a se ressent que les gens ne sont pas habitu\u00e9s \u00e0 manifester, le groupe veut se diriger vers le minist\u00e8re de la sant\u00e9 mais \u00ab\u00a0Sans haine ni violence parce que c\u2019est \u00e7a \u00eatre citoyen OUAIS\u00a0\u00bb quand m\u00eame une femme s\u2019inqui\u00e8te de savoir qu\u2019ils vont \u00ab\u00a0chez le ministre de la sant\u00e9.\u00a0;.je veux pas mourir moi\u00a0\u00bb, un conflit \u00e9clate en t\u00eate de cort\u00e8ge, la femme crie\u00a0: \u00a0\u00ab\u00a0vive les m\u00e9decins\u00a0\u00bb mais quelqu\u2019un n\u2019est pas d\u2019accord \u00ab\u00a0NON\u00a0! NON pas les m\u00e9decins\u00a0!\u00a0\u00bb pourquoi\u00a0? \u00ab\u00a0Ils sont AVEC EUX\u00a0! AVEC EUX PAS AVEC NOUS\u00a0! Vous savez qu\u2019aucun vaccin n\u2019immunise contre\u2026LA CONNERIE FRAN\u00c7AIS EVEILLEZ VOUS\u00a0!\u00a0\u00bb je me mets \u00e0 c\u00f4t\u00e9 de deux femmes\u00a0 qui causent m\u00e9dicaments, elles sont contre,\u00a0 la plus vieille a chez elle \u00ab\u00a0juste de l\u2019asp\u00e9gic\u00a0\u00bb mais elle conc\u00e8de\u00a0: \u00ab\u00a0En vacance enfin avant je demande \u00e0 mon dentiste une ordo d\u2019antibiotique attends imagine je fais une crise de dent sur place\u00a0?\u00a0\u00bb, l\u2019autre est d\u2019accord \u00ab\u00a0moi j\u2019ai toujours une trousse avec des pansements mais en vrai moi je me soigne chaque jour avec du gingembre et du citron\u00a0\u00bb il n\u2019y a que \u00e7a de r\u00e9el l\u2019alimentation, l\u00e0 elle part dans les C\u00e9vennes\u00a0: \u00ab\u00a0J\u2019en ai marre, j\u2019\u00e9tais avec Javier il me saoule lui c\u2019est un espagnol hein tu sais jamais quand il arrive ni quand il repart alors je pars avec Antonin, j\u2019aime, il est zen, il me permet de d\u00e9crocher\u00a0\u00bb elle soupire \u00ab\u00a0Avant que le vase d\u00e9borde tu vois\u00a0\u00bb, un homme vient les interrompre il a une pancarte \u00ab\u00a0mon g\u00e9nome mon choix\u00a0\u00bb il dit \u00ab\u00a0hey c\u2019est comme lors des manif pour l\u2019avortement\u00a0\u00bb avec un gros clin d\u2019\u0153il mais les deux femmes\u00a0 n\u2019ont pas l\u2019\u00e2ge d\u2019avoir particip\u00e9 \u00e0 ces manif l\u00e0 \u00ab\u00a0il a cru qu\u2019on a quoi\u00a0? 70 ans il est s\u00e9rieux lui\u00a0\u00bb le citron et le gingembre ne pr\u00e9servent pas. Les deux femmes continuent entre deux slogans et deux appr\u00e9ciations de boutiques ou resto dans la rue des Saint P\u00e8res\u00a0\u00ab\u00a0L\u00e0 c\u2019est hyper bon mais c\u2019est pas des vrais tiramisus moi ma m\u00e8re elle fait un vrai tiramisu, l\u00e0 si tu veux un bon tiramisu bah autant aller \u00e0 macdo hein\u00a0\u00bb, l\u2019autre parle de l\u2019Italie, elle pr\u00e9cise \u00ab\u00a0c\u2019est l\u00e0 o\u00f9 y\u2019a les gipsy king\u00a0?\u00a0\u00bb elle \u00ab\u00a0adore\u00a0\u00bb ce pays, ce groupe de musique et ce dessert. La frustr\u00e9e du tiramisu continue, l\u2019an prochain elle va aller en Gr\u00e8ce se faire \u00ab\u00a0un rode trippeuh\u00a0\u00bb c\u2019est simple\u00a0: \u00ab\u00a0Tu prends ta planche, tes palmes, tu mets un pieu dans ton van voil\u00e0 t\u2019es libre\u00a0 c\u2019est ce que je ferai\u00a0\u00bb mais y\u2019a un gros hic \u00ab\u00a0j\u2019ai pas le permis\u00a0\u00bb et elle explique qu\u2019elle ne VEUT PAS passer le permis, c\u2019est politique, c\u2019est un complot, c\u2019est du buisness c\u2019est \u00ab\u00a0money money \u00a0money c\u2019est bon quoi\u00a0\u00bb et puis \u00ab\u00a0la voiture au final \u00e7a sert \u00e0 la prendre que dans les films quand tu es saoul\u00e9e \u00e7a fait une belle sc\u00e8ne, moi \u00e7a ne me manque pas\u00a0!\u00a0\u00bb, autour de moi des gens se posent de dr\u00f4les de questions \u00ab\u00a0Ah parce que VOUS vous \u00eates l\u00e9galiste et bien tr\u00e8s bien monsieur\u00a0\u00bb je comprends absolument pas tous les profils qu\u2019il y a, des anti vaccin, des anar, des complotistes, des beatnicks, des religieux, des royalistes et on est m\u00eame pas 300, il manque que les fans de Micha\u00ebl Jackson et des altermondialistes, la pluie arrive, nous passons sous un restaurants et les employ\u00e9s nous regardent, \u00ab\u00a0Mais VENEZ OUI MEME LE PTIT LA LE PAKISTANAIS\u00a0\u00bb une dame rigole \u00ab\u00a0Eh oui c\u2019est aussi pour lui qu\u2019on est l\u00e0\u00a0\u00bb, je pars j\u2019ai besoin d\u2019un nouveau parapluie, le dernier \u00e0 fermer le cort\u00e8ge est cet homme du pays basque covid\u00e9 enrhum\u00e9 hospitalis\u00e9 POUR RIEN.<\/p>\n","protected":false},"excerpt":{"rendered":"<p>Trois manifestations \u00e0 Paris ce samedi, j\u2019arrive une premi\u00e8re fois trop t\u00f4t, une seconde fois&#8230;<\/p>\n<div class=\"more-link-wrapper\"><a class=\"more-link\" href=\"https:\/\/chroniquer.fr\/index.php\/2021\/08\/07\/a-boire-et-a-manger\/\">Read the post<span class=\"screen-reader-text\">\u00e0 boire et \u00e0 manger<\/span><\/a><\/div>\n","protected":false},"author":1,"featured_media":0,"comment_status":"open","ping_status":"open","sticky":false,"template":"","format":"standard","meta":[],"categories":[26],"tags":[140,27],"_links":{"self":[{"href":"https:\/\/chroniquer.fr\/index.php\/wp-json\/wp\/v2\/posts\/504"}],"collection":[{"href":"https:\/\/chroniquer.fr\/index.php\/wp-json\/wp\/v2\/posts"}],"about":[{"href":"https:\/\/chroniquer.fr\/index.php\/wp-json\/wp\/v2\/types\/post"}],"author":[{"embeddable":true,"href":"https:\/\/chroniquer.fr\/index.php\/wp-json\/wp\/v2\/users\/1"}],"replies":[{"embeddable":true,"href":"https:\/\/chroniquer.fr\/index.php\/wp-json\/wp\/v2\/comments?post=504"}],"version-history":[{"count":1,"href":"https:\/\/chroniquer.fr\/index.php\/wp-json\/wp\/v2\/posts\/504\/revisions"}],"predecessor-version":[{"id":506,"href":"https:\/\/chroniquer.fr\/index.php\/wp-json\/wp\/v2\/posts\/504\/revisions\/506"}],"wp:attachment":[{"href":"https:\/\/chroniquer.fr\/index.php\/wp-json\/wp\/v2\/media?parent=504"}],"wp:term":[{"taxonomy":"category","embeddable":true,"href":"https:\/\/chroniquer.fr\/index.php\/wp-json\/wp\/v2\/categories?post=504"},{"taxonomy":"post_tag","embeddable":true,"href":"https:\/\/chroniquer.fr\/index.php\/wp-json\/wp\/v2\/tags?post=504"}],"curies":[{"name":"wp","href":"https:\/\/api.w.org\/{rel}","templated":true}]}}