{"id":452,"date":"2021-04-06T20:05:31","date_gmt":"2021-04-06T18:05:31","guid":{"rendered":"https:\/\/chroniquer.fr\/?p=452"},"modified":"2021-04-06T20:05:31","modified_gmt":"2021-04-06T18:05:31","slug":"pff-jsais-plus-le-nom-de-la-peine","status":"publish","type":"post","link":"https:\/\/chroniquer.fr\/index.php\/2021\/04\/06\/pff-jsais-plus-le-nom-de-la-peine\/","title":{"rendered":"\u00ab Pff jsais plus le nom de la peine \u00bb"},"content":{"rendered":"\n<div class=\"wp-block-image\"><figure class=\"aligncenter size-large\"><img loading=\"lazy\" width=\"540\" height=\"961\" src=\"https:\/\/chroniquer.fr\/wp-content\/uploads\/2021\/04\/169632329_201119101470593_2371709847233040448_n.jpg\" alt=\"\" class=\"wp-image-453\" srcset=\"https:\/\/chroniquer.fr\/wp-content\/uploads\/2021\/04\/169632329_201119101470593_2371709847233040448_n.jpg 540w, https:\/\/chroniquer.fr\/wp-content\/uploads\/2021\/04\/169632329_201119101470593_2371709847233040448_n-169x300.jpg 169w\" sizes=\"(max-width: 540px) 100vw, 540px\" \/><\/figure><\/div>\n\n\n\n<p><\/p>\n\n\n\n<p>23\u00e8me chambre 13h00, un couple. Elle en fauteuil roulant, chaussure puma fuchsia, doudoune matelass\u00e9e beige, des grosses lunettes, un sac \u00e0 main de marque, noir. Lui en doc Martens noires lacets jaunes, serr\u00e9s. Il est chauve, a une mallette, un blouson kaki. La cinquantaine. Un couple, des parents. Ils sont perdus, regardent la salle 2.04&nbsp;: \u00ab&nbsp;C\u2019est l\u00e0&nbsp;? Oui&nbsp;? &nbsp;Non ? &nbsp;On sait pas o\u00f9 c\u2019est&nbsp;\u00bb je leur demande si c\u2019est pour les comparutions imm\u00e9diates, la dame me dit oui au bord des larmes, je pense spontan\u00e9ment qu\u2019elle est victime. Elle me dit \u00ab Et vous ? \u00bb je lui dis&nbsp;: \u00ab Moi je viens vous \u00e9crire \u00bb elle&nbsp;me dit&nbsp;: \u00ab C\u2019est dur l\u00e0 il a 18 ans c\u2019est jeune \u00bb je comprends que c\u2019est son fils s\u00fbrement qui va \u00eatre jug\u00e9, je lui dis juste \u00ab Ca va aller \u00bb&nbsp; alors que je n\u2019en sais rien elle me dit \u00ab Merci c\u2019est tr\u00e8s gentil vous \u00eates tr\u00e8s aimable \u00bb.&nbsp;<\/p>\n\n\n\n<p>Arrive tr\u00e8s vivement une autre m\u00e8re, aussi ronde qu\u2019\u00e9nergique son aisance montre qu\u2019elle est une habitu\u00e9e, d\u2019ailleurs elle me dit&nbsp;: \u00ab&nbsp;La greffi\u00e8re elle est dans la salle&nbsp;? Faut que je lui cause&nbsp;\u00bb Elle est accompagn\u00e9e de son mari, un de ses fils, et des fr\u00e8res d\u2019un autre pr\u00e9venu, elle a des chaussettes Garfield, un chouchou qui retient ses cheveux tir\u00e9s en arri\u00e8re.<\/p>\n\n\n\n<p>13h30 on rentre, un avocat m\u2019accueille, &nbsp;demande ce que je fais l\u00e0 et lorsqu\u2019il comprend que je viens juste assister \u00e0 l\u2019audience il me dit&nbsp;: \u00ab&nbsp;Ah&nbsp;!Super excellente id\u00e9e&nbsp;! ALORS BIENVENUE&nbsp;\u00bb il est charmant et volubile et a l\u2019air cool, il va voir toutes les personnes dans la salle, il rigole avec les avocats, et prend l\u2019air concern\u00e9 avec les victimes. Des flics pr\u00e9viennent&nbsp;: \u00ab&nbsp;Ca va \u00eatre tr\u00e8s long entre hier le jour f\u00e9ri\u00e9 et dimanche y\u2019a seize pr\u00e9venus c\u2019est \u00e9norme&nbsp;!&nbsp;\u00bb<\/p>\n\n\n\n<p>Devant moi il y a deux hommes, des victimes, habill\u00e9s comme s\u2019ils allaient \u00e0 un mariage, ils sont pr\u00e9venus que leur proc\u00e8s va s\u00fbrement \u00eatre renvoy\u00e9 alors \u00ab&nbsp;vous pouvez aller prendre un caf\u00e9 non&nbsp;?&nbsp;\u00bb \u00ab&nbsp;Non \u00e7a me donne une id\u00e9e de voir les autres proc\u00e8s et puis moi je n\u2019ai jamais vu de criminel&nbsp;!&nbsp;\u00bb. Les avocats commis d\u2019office d\u00e9couvrent les victimes, les parents des accus\u00e9s, ils ont \u00e0 peine quelques minutes pour comprendre leur client, en savoir plus qu\u2019un casier, l\u2019avocat volubile vient voir les parents avec la maman secou\u00e9e d\u2019\u00eatre ici \u00ab&nbsp;Moi je bosse \u00e0 Pasteur je suis technicien de recherche et ma femme bosse \u00e0 Necker&nbsp;\u00bb dit le papa, ils ont tout amen\u00e9 pour sauver leur fils&nbsp;: des fiches d\u2019imp\u00f4ts, des bulletins de notes du gamin, l\u2019avocat commente&nbsp;: \u00ab&nbsp;HEY mais il a des bonnes notes&nbsp;! Il est au-dessus des autres&nbsp;! Ah oui y\u2019a \u00e9crit bon \u00e9l\u00e8ve c\u2019est bien oh puis il fait de l\u2019escalade aussi&nbsp;!&nbsp;\u00bb les parents ont amen\u00e9 la carte du club d\u2019escalade&nbsp;: \u00ab&nbsp;Mais il en fait un peu moins il a beaucoup de migraines.&nbsp;\u00bb<\/p>\n\n\n\n<p>La cour a du retard, sur ma droite se tient le couple ici pour la premi\u00e8re fois, sur ma gauche le couple habitu\u00e9 des tribunaux pour leur gamin, la maman tr\u00e8s \u00e0 l\u2019aise demande aux flics&nbsp;: \u00ab&nbsp;Vous pouvez aller chercher le fr\u00e8re&nbsp;? Il est dehors et \u00e7a va commencer&nbsp;!&nbsp;\u00bb la police r\u00e9pond&nbsp;: \u00ab&nbsp;BAH NON MADAME VOUS Y ALLEZ VOUS-MEME&nbsp;\u00bb, l\u2019audience commence avec un accus\u00e9 absent&nbsp;:<\/p>\n\n\n\n<p>Karim n\u00e9 en 1985, arr\u00eat\u00e9 le 1<sup>er<\/sup> avril 2021 car il a tabass\u00e9 sa femme, il est absent \u00ab&nbsp;pour des raisons sanitaires, il a le covid en fait&nbsp;\u00bb dit le Pr\u00e9sident, l\u2019avocate de Karim est \u00e0 la barre, le Pr\u00e9sident en dit plus sur l\u2019accus\u00e9&nbsp;: \u00ab&nbsp;Bon donc violence sur sa femme, des gifles, il a tir\u00e9 les cheveux, et tentative d\u2019\u00e9touffement, bon 2019 je vois qu\u2019il a d\u00e9j\u00e0 \u00e9t\u00e9 condamn\u00e9 bah&#8230;pour les m\u00eames faits on va renvoyer l\u2019affaire hein l\u00e0 on parle pas du fond, bon je vois qu\u2019on a des photos de la femme, l\u2019accus\u00e9 \u00e9voque des <em>chamailleries<\/em>\u2026mmm c\u2019est un couple mari\u00e9 donc oui de la r\u00e9cidive, il a \u00e9cop\u00e9 de 6 mois de prison en 2019, 18 mois en 2018 pour toujours la m\u00eame chose \u00e7a fait beaucoup l\u00e0 quand m\u00eame non&nbsp;?&nbsp;\u00bb Le Pr\u00e9sident commente un rapport sur la situation sociale de Karim&nbsp;: \u00ab&nbsp;Bah d\u00e9sol\u00e9 je vois \u00e9crit situation stable, ok l\u2019accus\u00e9 est \u00e9boueur, il gagne 1560 euros net par mois, en CDI depuis quatre ans mais euh non il est pas stable pas quand on commet \u00e7a plusieurs fois, bon ok je vois le monsieur veut le divorce&nbsp;\u00bb, la procureure demande le maintien en d\u00e9tention de Karim jusqu\u2019\u00e0 son nouveau proc\u00e8s, l\u2019avocate de Karim veut sa remise en libert\u00e9 car \u00ab&nbsp;il peut aller loger chez ses parents&nbsp;\u00bb, le Pr\u00e9sident&nbsp;: \u00ab&nbsp;Bah non moi j\u2019ai pas d\u2019attestation des parents l\u00e0&nbsp;\u00bb, l\u2019avocate&nbsp;: \u00ab&nbsp;Hier c\u2019\u00e9tait f\u00e9ri\u00e9 ils ont pas r\u00e9pondu au t\u00e9l\u00e9phone&nbsp;\u00bb le Pr\u00e9sident&nbsp;;: \u00ab&nbsp;Le rapport&nbsp;? Un jour f\u00e9ri\u00e9 on r\u00e9pond pas au t\u00e9l\u00e9phone maintenant&nbsp;?&nbsp;\u00bb, l\u2019avocate persiste&nbsp;: \u00ab&nbsp;PARCE QUIL A LE COVID je demande la libert\u00e9&nbsp;!&nbsp;\u00bb histoire de contaminer et tabasser encore, le verdict sera rendu apr\u00e8s le d\u00e9lib\u00e9r\u00e9.<\/p>\n\n\n\n<p>Tata et Juanito rentrent dans le box, Juanito est le fils de la maman \u00ab&nbsp;\u00e0 l\u2019aise&nbsp;\u00bb au tribunal, enrob\u00e9, des cheveux mi-long ondul\u00e9s, blanc, il a un sweat gris, il est petit, \u00e0 c\u00f4t\u00e9 de lui il y a Tata, mince, cr\u00e2ne ras\u00e9, noir, il a aussi un sweat gris et est grand, ils sont \u00ab&nbsp;des copains du quartier, Paris 13. \u00bb<\/p>\n\n\n\n<p>Tata et Juanito se sont faits attraper pour \u00ab&nbsp;vol d\u2019enjoliveur&nbsp;\u00bb enfin \u00e7a c\u2019est ce que dit vite fait le Pr\u00e9sident qui arr\u00eate tout&nbsp;: \u00ab&nbsp;Ecoutez je sais que vous, vous savez faire, changez \u00e7a s\u2019il vous plait&nbsp;j\u2019ai froid&nbsp;\u00bb \u00ab&nbsp;Ca&nbsp;\u00bb c\u2019est la clim de la salle, \u00ab&nbsp;Vous&nbsp;\u00bb c\u2019est la petite huissi\u00e8re qui se d\u00e9p\u00eache de tout remettre en ordre. Juanito est n\u00e9 en 1996, le 2 avril 2021 il a \u00e9t\u00e9 arr\u00eat\u00e9 et est jug\u00e9 pour&nbsp;: D\u00e9gradation de voiture, vol, refus de donner son code de t\u00e9l\u00e9phone, il est en r\u00e9cidive. Tata son copain et complice est accus\u00e9 des m\u00eames choses, il est n\u00e9 en 1998, ils vivent dans le 13<sup>\u00e8me<\/sup> arrondissement. Ils sont all\u00e9s dans un parking, rue du Jura dans le 13<sup>\u00e8me<\/sup>, le gardien du parking ne reconnait pas les deux jeunes hommes il contacte la police qui arrive et&nbsp;: les gosses sont pris en flag. Il y avait un copain avec eux \u00ab&nbsp;Babacar mais il est mis hors de cause il est rest\u00e9 dehors sur son scooter&nbsp;\u00bb, le Pr\u00e9sident nous d\u00e9crit le parking&nbsp;(\u00ab&nbsp;deux niveaux&nbsp;\u00bb la voiture d\u00e9grad\u00e9e (\u00ab&nbsp;Une Volkswagen&nbsp;\u00bb), la doudoune de Juanito&nbsp;(\u00ab&nbsp;verte qui a r\u00e9ceptionn\u00e9 des bouts de verre dans sa capuche&nbsp;\u00bb), le Pr\u00e9sdient s\u2019adresse \u00e0 Juanito&nbsp;: \u00ab&nbsp;Vous cherchiez quoi dans la voiture&nbsp;?&nbsp;\u00bb Juanito explique qu\u2019ils ne \u00ab&nbsp;voulaient pas voler en fait c\u2019est un litige avec la victime qu\u2019on a&nbsp;\u00bb \u00ab&nbsp;Ah c\u2019est \u00e9tonnant car la victime Jonathan X. ne vous connait pas&nbsp;!&nbsp;Expliquez-nous \u00e7a&nbsp;!&nbsp;\u00bb \u00ab&nbsp;En fait on avait un litige on voulait se venger, le litige c\u2019est ..une ptite\u2026mmm une ptite embrouille&nbsp;entre lui et nous et on a \u00e9t\u00e9 b\u00eates&nbsp; on a cass\u00e9 des vitres. \u00bb<\/p>\n\n\n\n<p><br>Le Pr\u00e9sident ne cherche pas \u00e0 en savoir plus sur \u00ab&nbsp;la ptite embrouille&nbsp;\u00bb mais il demande \u00e0 Tata sa version&nbsp;: \u00ab&nbsp;Dans le coffre on&nbsp; voulait prendre l\u2019\u00e9crou anti vol pour d\u00e9visser les roues&nbsp;\u00bb \u00ab&nbsp;Ah&nbsp;! Donc vous vouliez les vendre c\u2019est \u00e7a&nbsp;?&nbsp;\u00bb C\u2019est \u00e7a. Et \u00e0 c\u00f4t\u00e9 de moi la maman de Juanito secoue fort la t\u00eate et a les joues rouges de col\u00e8re. \u00ab&nbsp;Alors ce qui est marrant enfin marrant\u2026c\u2019est que le 8 mars 2021 en fait on rapproche \u00e7a d\u2019une autre affaire, y\u2019a aussi eu un vol dans ce m\u00eame parking et d\u2019apr\u00e8s la vid\u00e9osurveillance vous y \u00eates Tata, d\u2019ailleurs vous reconnaissez le vol&nbsp;\u00bb Mais Juanito lui ne le reconnait pas, il conteste. \u00ab&nbsp;Vous \u00eates film\u00e9 pourtant, vous d\u00eetes que c\u2019est pas vous enfin d\u00e9sol\u00e9 mais c\u2019est quelqu\u2019un de forte corpulence qui vous ressemble avec le si\u00e8ge du v\u00e9hicule sur l\u2019\u00e9paule&nbsp;\u00bb le Pr\u00e9sident montre aux accus\u00e9s une autre photo avec deux personnes dessus et maintenant Tata r\u00e9fute cette photo l\u00e0, \u00ab&nbsp;Ecoutez un blanc, un noir, un blanc un peu gros et oui d\u00e9sol\u00e9 mais on vous reconnait bien&nbsp;!&nbsp;\u00bb rien \u00e0 faire Tata assure avoir \u00e9t\u00e9 seul pour le vol, Juanito d\u00e9ment sa pr\u00e9sence, Tata explique que pour le vol d\u2019avril en fait \u00ab&nbsp;Juanito bah il voulait voir une pute dans l\u2019immeuble [la maman rigole avec le papa, fiers] du coup je lui ai dit que moi pendant ce temps j\u2019allais d\u00e9grader le v\u00e9hicule.&nbsp;\u00bb<\/p>\n\n\n\n<p>Les faits sont \u00e9tablis on passe \u00e0 la personnalit\u00e9 des accus\u00e9s. Tata est un r\u00e9cidiviste il a \u00e9t\u00e9 condamn\u00e9 en 2017 et 2018 (Refus d\u2019obtemp\u00e9rer, falsification d\u2019argent, conduite sans permis) Juanito aussi est un r\u00e9cidiviste \u00ab&nbsp;Un casier bien charg\u00e9&nbsp;\u00bb note le Pr\u00e9sident, il a \u00e9t\u00e9 condamn\u00e9 \u00e0 quatre ans de prison pour vol avec violence en 2016, en f\u00e9vrier 2019 il a pris dix-huit mois (drogue) en septembre 2019 dix-huit mois pareil (drogue aussi). Tata est m\u00e9canicien il gagne 1400 euros par mois, Juanito \u00ab&nbsp;commence une formation le 12 sur les transports&nbsp;\u00bb Juanito fait \u00ab&nbsp;des AVC \u00e0 r\u00e9p\u00e9tition mais j\u2019ai aim\u00e9 avoir le bracelet [\u00e9l\u00e9ctronique] \u00e7a me donnait des heures, \u00e7a me cadrait&nbsp;\u00bb, le Pr\u00e9sident dit \u00e0 Juanito&nbsp;: \u00ab&nbsp;Votre situation sanitaire est pr\u00e9occupante vous voyez un neurologue&nbsp;?&nbsp;\u00bb Juanito dit&nbsp;: \u00ab&nbsp;oui d\u2019ailleurs j\u2019en vois un le 8 bah c\u2019est demain l\u00e0 enfin bient\u00f4t&nbsp;\u00bb. La procureure prend la parole elle est tr\u00e8s tr\u00e8s vieille elle s\u2019adresse aux deux copains&nbsp;: \u00ab&nbsp;Vous savez messieurs que vous avez un autre proc\u00e8s qui arrive le 27 mai&nbsp;? Pour des faits de f\u00e9vrier&nbsp;? Ca vous parle&nbsp;? Et encore un autre pour une autre affaire pour de la drogue plus tard&nbsp;? Et encore un autre proc\u00e8s pour vol en r\u00e9union cette fois ci&nbsp;? Vous avez toutes les dates de vos futurs proc\u00e8s&nbsp;? Vous serez l\u00e0&nbsp;?&nbsp;\u00bb Promis jur\u00e9 Juanito et Tata seront l\u00e0, entre deux rendez-vous chez le neurologue. La procureure commence son r\u00e9quisitoire elle est \u00ab&nbsp;emb\u00eat\u00e9e\u2026ils ont l\u2019air bien int\u00e9gr\u00e9s \u00e7a m\u2019emb\u00eate mais ils commettent des infractions et Tata se sert de ses comp\u00e9tences en automobile pour voler ils m\u00e9ritent d\u2019\u00eatre sanctionn\u00e9s. Alors on nous dit que Juanito fait des AVC bon moi je vois dans le dossier que ces AVC ne sont pas l\u00e9gitim\u00e9s, que \u00e7a serait plut\u00f4t des crises d\u2019\u00e9pilepsie bon je sais pas je suis pas m\u00e9decin&nbsp;\u00bb&nbsp; mais la maman de Juanito si, elle a tout le dossier m\u00e9dical du gosse et commence \u00e0 lever la voix le policier la rappelle \u00e0 l\u2019ordre&nbsp;: &nbsp;\u00ab&nbsp;Taisez vous ou vous sortez&nbsp;\u00bb, la procureure continue&nbsp;: \u00ab&nbsp;Bon pfff je demande 6 mois pour Juanito chez lui l\u00e0 pfff je sais plus comment \u00e7a s\u2019appelle la peine l\u00e0&nbsp;? Avec un cadre \u00e7a l\u2019aide il dit, il est temps qu\u2019il arr\u00eate tout de suite, quant \u00e0 Tata je vous demande 6 mois am\u00e9nag\u00e9&nbsp;\u00bb et c\u2019est l\u2019avocat charmeur et cool qui est charg\u00e9 de d\u00e9fdre Tata et Juanito. Il commence \u00e0 parler et j\u2019entends un accent je n\u2019arrive pas \u00e0 savoir d\u2019o\u00f9 il est et puis il dit&nbsp;: \u00ab&nbsp;Oune peine am\u00e9nay\u00e9&nbsp;\u00bb et donc il est espagnol c\u2019est pour \u00e7a qu\u2019il est tr\u00e8s sympa, il parle du brevet et du CAP de ses clients et accuse aussi le covid \u00ab&nbsp;de pas aider pour le travail&nbsp;!&nbsp;Je ne banalise pas leurs faits mais regardez les amis, la famille, les fr\u00e8res tous sont l\u00e0 pour les soutenir, la m\u00e8re de Juanito est une personne vaillante elle sera l\u00e0 pour son fils&nbsp;\u00bb lui trouve que les peines ne servent \u00e0 rien il demande pour ses deux clients des TIG (travaux d&rsquo;int\u00e9r\u00eat g\u00e9n\u00e9ral) &nbsp;pour Tata et Juanito, le verdict apr\u00e8s la pause, le Pr\u00e9sident demande si Tata et Juanito seraient d\u2019accord pour des TIG les deux disent&nbsp;: \u00ab&nbsp;Ok pour les TIG&nbsp;\u00bb, et l\u2019avocat espagnol va encore parler, vient son nouveau client Abou n\u00e9 en 1981 au S\u00e9n\u00e9gal mais il a la nationalit\u00e9 fran\u00e7aise et son avocat dit \u00ab&nbsp;il n\u2019a pas besoin d\u2019interpr\u00e8te \u00bb et en fait si, Abdou \u00e9tait tr\u00e8s tr\u00e8s difficile \u00e0 comprendre, un m\u00e9lange de timidit\u00e9, de g\u00eane avec le masque et un manque de vocabulaire, le proc\u00e8s a \u00e9t\u00e9 plus qu\u2019exp\u00e9di\u00e9 Abdou a \u00e9t\u00e9 interpell\u00e9 le 2 avril 2021 pour du \u00ab&nbsp;crack&nbsp;\u00bb vente et consommation \u00e0 la fronti\u00e8re du 18<sup>\u00e8me<\/sup> et 19<sup>\u00e8me<\/sup>, le Pr\u00e9sident raconte l\u2019interpellation d\u2019Abdou et il parle comme \u00e7a&nbsp;:<\/p>\n\n\n\n<p>\u00ab&nbsp;Le jour o\u00f9 vous \u00eates interpell\u00e9, au moment de votre interpellation quand vous \u00eates interpell\u00e9&nbsp;\u00bb&nbsp; Abdou reconnait les faits, c\u2019est un r\u00e9cidiviste du crack en 2018 il a d\u00e9j\u00e0 \u00e9t\u00e9 condamn\u00e9. Il est int\u00e9rimaire soudeur, il gagne entre 2000\/2500 euros par mois \u00ab&nbsp;Bah \u00e7a va&nbsp;!!&nbsp;\u00bb siffle le Pr\u00e9sident sur l\u2019air de \u00ab&nbsp;de quoi tu te plains&nbsp;?&nbsp;\u00bb Abdou voudrait suivre un programme de d\u00e9sintoxication, il dit&nbsp;: \u00ab&nbsp;Non j\u2019ai pas consomm\u00e9&nbsp;\u00bb puis \u00ab&nbsp;si&nbsp;\u00bb puis \u00ab&nbsp;non&nbsp;\u00bb puis le Pr\u00e9sident dit&nbsp;: \u00ab&nbsp;Bah on a vos urines hein aussi&nbsp;!&nbsp;\u00bb \u00ab&nbsp;Alors oui je consomme&nbsp;\u00bb conc\u00e8de Abdou. Le Pr\u00e9sident exp\u00e9die le proc\u00e8s&nbsp;: \u00ab&nbsp;Bon le crack hein&nbsp;! C\u2019est EXTREMEMENT dangereux vous nuisez \u00e0 votre sant\u00e9 et \u00e0 celle des autres&nbsp;!&nbsp;Bon pas de question&nbsp;? Non Madame le procureure je vous \u00e9coute&nbsp;\u00bb la procureure est en roue libre&nbsp;: \u00ab&nbsp;Pff c\u2019est un peu n\u2019importe quoi\u2026 bon le probl\u00e8me de ce monsieur c\u2019est que les peines \u00e7a change rien chez lui, il ne mesure pas la gravit\u00e9 le crack \u00e7a tue tr\u00e8s tr\u00e8s tr\u00e8s t\u00e8s tr\u00e8s vite il vend LA MORT et se l\u2019inflige \u00e0 lui-m\u00eame, bon il gagne sa vie et le week-end bah il vend la mort voil\u00e0&nbsp;! Moi JVEUX BIEN mais MONSIEUR DANS LE CODE PENAL VOUS RISQUEZ 20 ANS C\u2019EST 20 ANS LA&nbsp;!&nbsp; Il est temps d\u2019arr\u00eater&nbsp;! Consommez la mort si vous voulez, laissez les autres tranquilles&nbsp;! Je r\u00e9clame 6 mois&nbsp;!&nbsp;\u00bb<\/p>\n\n\n\n<p>Abdou passe de 20 ans \u00ab\u00a0C\u2019EST DANS LE CODE PENAL\u00a0\u00bb \u00e0 6 mois, \u00e7a va, l\u2019avocat simple et funky arrive et dit \u00ab\u00a0partager le d\u00e9sarroi du minist\u00e8re public mais vous savez moi j\u2019ai envie de parler de litt\u00e9rature\u00a0! Vous connaissez Christine D, \u00e7a date de 1972\/74 bon ben c\u2019est pareil hein rien ne change\u00a0! Oui c\u2019est vieux mais la r\u00e9flexion est la m\u00eame\u00a0!\u00a0\u00bb Il r\u00e9clame aussi des TIG pour Abdou et l\u2019audience va \u00eatre suspendue, on se l\u00e8ve tous en attendant le d\u00e9part du Pr\u00e9sident mais celui-ci ne part pas, il veut aider la procureure qui a son si\u00e8ge bloqu\u00e9 \u00a0\u00ab\u00a0Bah oui mais on va mettre quoi pour bloquer le fauteuil\u00a0? Bah le code p\u00e9nal oh bah\u2026..Non hein bon hein l\u2019audience est suspendue\u00a0\u00bb et pendant ce temps l\u00e0 l\u2019avocat relax va parler \u00e0 tout le monde, il enchaine des blagues, parle du \u00ab\u00a0romantisme\u00a0\u00bb de certains de ses clients et dit \u00ab\u00a0je coupe la pomme en deux\u00a0!\u00a0\u00bb, il parle de Darmanin, des repas clandestins, du covid, de bouffe, de concours, de masques, il parle de tout. Il est interrompu, les d\u00e9lib\u00e9rations durent longtemps, trop longtemps du coup l\u2019huissi\u00e8re explique\u00a0: \u00ab\u00a0Bon le dossier du schizo c\u2019est renvoy\u00e9, celui des violences sur les pompiers aussi oui je sais que les pompiers sont dans la salle bah c\u2019est renvoy\u00e9\u00a0!\u00a0 Y\u2019a pas le temps l\u00e0\u00a0! \u00bb le Pr\u00e9sident apparait tout le monde se l\u00e8ve, il \u00a0explique que Karim celui qui est absent pour covid reste en d\u00e9tention jusqu\u2019\u00e0 son proc\u00e8s qui aura lieu le 7 mai, Abdou 20 ans-6 mois est condamn\u00e9 \u00e0 12 mois de prison, dont 8 avec sursis, il a une obligation de soin et a interdiction d\u2019aller dans le 18<sup>\u00e8me<\/sup> et 19<sup>\u00e8me<\/sup>, Tata est condamn\u00e9 \u00e0 105 heures de TIG , il doit voir un JAP [ Juge d\u2019application des peines) pendant 18 mois, Juanito est condamn\u00e9\u00a0 \u00e0 12 mois de prison , 6 avec sursis \u00ab\u00a0am\u00e9nag\u00e9 vous verrez avec le JAP comment faire\u00a0\u00bb et je pars, la dame en fauteuil roulant me \u00ab\u00a0remercie merci merci merci beaucoup vraiment\u00bb, je sors, il neige pendant ce temps A\u00efssa est en train d\u2019\u00eatre jug\u00e9 pour avoir vol\u00e9 \u00e0 Michael un sac \u00e0 dos, de la peinture et du mat\u00e9riel informatique.<\/p>\n","protected":false},"excerpt":{"rendered":"<p>23\u00e8me chambre 13h00, un couple. Elle en fauteuil roulant, chaussure puma fuchsia, doudoune matelass\u00e9e beige,&#8230;<\/p>\n<div class=\"more-link-wrapper\"><a class=\"more-link\" href=\"https:\/\/chroniquer.fr\/index.php\/2021\/04\/06\/pff-jsais-plus-le-nom-de-la-peine\/\">Read the post<span class=\"screen-reader-text\">\u00ab Pff jsais plus le nom de la peine \u00bb<\/span><\/a><\/div>\n","protected":false},"author":1,"featured_media":0,"comment_status":"open","ping_status":"open","sticky":false,"template":"","format":"standard","meta":[],"categories":[85,90],"tags":[],"_links":{"self":[{"href":"https:\/\/chroniquer.fr\/index.php\/wp-json\/wp\/v2\/posts\/452"}],"collection":[{"href":"https:\/\/chroniquer.fr\/index.php\/wp-json\/wp\/v2\/posts"}],"about":[{"href":"https:\/\/chroniquer.fr\/index.php\/wp-json\/wp\/v2\/types\/post"}],"author":[{"embeddable":true,"href":"https:\/\/chroniquer.fr\/index.php\/wp-json\/wp\/v2\/users\/1"}],"replies":[{"embeddable":true,"href":"https:\/\/chroniquer.fr\/index.php\/wp-json\/wp\/v2\/comments?post=452"}],"version-history":[{"count":1,"href":"https:\/\/chroniquer.fr\/index.php\/wp-json\/wp\/v2\/posts\/452\/revisions"}],"predecessor-version":[{"id":454,"href":"https:\/\/chroniquer.fr\/index.php\/wp-json\/wp\/v2\/posts\/452\/revisions\/454"}],"wp:attachment":[{"href":"https:\/\/chroniquer.fr\/index.php\/wp-json\/wp\/v2\/media?parent=452"}],"wp:term":[{"taxonomy":"category","embeddable":true,"href":"https:\/\/chroniquer.fr\/index.php\/wp-json\/wp\/v2\/categories?post=452"},{"taxonomy":"post_tag","embeddable":true,"href":"https:\/\/chroniquer.fr\/index.php\/wp-json\/wp\/v2\/tags?post=452"}],"curies":[{"name":"wp","href":"https:\/\/api.w.org\/{rel}","templated":true}]}}