{"id":380,"date":"2020-12-10T19:25:43","date_gmt":"2020-12-10T18:25:43","guid":{"rendered":"http:\/\/chroniquer.fr\/?p=380"},"modified":"2021-02-04T16:22:32","modified_gmt":"2021-02-04T15:22:32","slug":"quil-a-t-il-de-plus-humain-epargner-la-honte-a-quelquun","status":"publish","type":"post","link":"https:\/\/chroniquer.fr\/index.php\/2020\/12\/10\/quil-a-t-il-de-plus-humain-epargner-la-honte-a-quelquun\/","title":{"rendered":"\u00ab\u00a0qu&rsquo;il a-t-il de plus humain? Epargner la honte \u00e0 quelqu&rsquo;un\u00a0\u00bb"},"content":{"rendered":"\n<div class=\"wp-block-image\"><figure class=\"aligncenter size-large\"><img loading=\"lazy\" width=\"816\" height=\"1024\" src=\"https:\/\/chroniquer.fr\/wp-content\/uploads\/2020\/12\/130494812_1004467526729193_6543562942669581165_n-816x1024.jpg\" alt=\"\" class=\"wp-image-381\" srcset=\"https:\/\/chroniquer.fr\/wp-content\/uploads\/2020\/12\/130494812_1004467526729193_6543562942669581165_n-816x1024.jpg 816w, https:\/\/chroniquer.fr\/wp-content\/uploads\/2020\/12\/130494812_1004467526729193_6543562942669581165_n-239x300.jpg 239w, https:\/\/chroniquer.fr\/wp-content\/uploads\/2020\/12\/130494812_1004467526729193_6543562942669581165_n-768x964.jpg 768w, https:\/\/chroniquer.fr\/wp-content\/uploads\/2020\/12\/130494812_1004467526729193_6543562942669581165_n-1223x1536.jpg 1223w, https:\/\/chroniquer.fr\/wp-content\/uploads\/2020\/12\/130494812_1004467526729193_6543562942669581165_n-1631x2048.jpg 1631w, https:\/\/chroniquer.fr\/wp-content\/uploads\/2020\/12\/130494812_1004467526729193_6543562942669581165_n-scaled.jpg 2039w\" sizes=\"(max-width: 816px) 100vw, 816px\" \/><\/figure><\/div>\n\n\n\n<p><\/p>\n\n\n\n<p>&nbsp;Jeudi 10 d\u00e9cembre 2020. 38<sup>\u00e8me<\/sup> audience.<\/p>\n\n\n\n<p><br>Ce matin est consacr\u00e9 \u00e0 Abdelaziz Abbad et Miguel Martinez, le tandem des Ardennes. Abbad est d\u00e9j\u00e0 condamn\u00e9 dans une autre affaire pour meurtre \u00e0 vingt-cinq ans de prison j\u2019\u00e9tais s\u00fbre qu\u2019il allait avoir l\u2019une des trois plus grosses peines alors qu\u2019elle est injustifi\u00e9e. Comme celle demand\u00e9e pour Miguel Martinez accus\u00e9 d\u2019avoir transport\u00e9 le sac d\u2019armes qui n\u2019a pas servi aux attentats, et d\u2019avoir regard\u00e9 des vid\u00e9os de d\u00e9capitation mais en fait c\u2019\u00e9tait le film \u00ab Bernie \u00bb d\u2019Albert Dupontel, comme cela a \u00e9t\u00e9 d\u00e9montr\u00e9 par son avocate,&nbsp;quinze ans pour \u00e7a.&nbsp; Dans la file d\u2019attente un officier de s\u00e9curit\u00e9 me dit que le seul rem\u00e8de contre le corona est le piment, il a eu le covid et s\u2019est gu\u00e9ri en ne mangeant que \u00e7a et \u00ab en invoquant le dieu pour chasser le Malin vous voyez le Mal Hein et le sourire le meilleure rem\u00e8de \u00bb il m\u2019exhorte \u00e0 aller chercher du piment en sortant de l\u2019audience aujourd\u2019hui je lui dis ok je vais y aller en plus je dois acheter des \u00e9ponges, il termine : \u00ab Piment et sourire c\u2019est la potion d\u2019Ast\u00e9rix! \u00bb Derri\u00e8re moi un homme arrive il est d\u00e9j\u00e0 venu \u00e9couter les audiences, outr\u00e9 que je d\u00e9fende les accus\u00e9s il m\u2019avait demand\u00e9 mon nom pour se renseigner sur moi, pour lui les avocats d\u00e9fense sont des \u00ab pourritures \u00bb. Abdelaziz Abbad a deux tr\u00e8s bons avocats, lui c\u2019est David Apelbaum qui faisait des mini r\u00e9sum\u00e9s&nbsp;lors des audiences ce qui m\u2019aidait beaucoup, elle c\u2019est Margaux Durand-Poincloux qui d\u00e9montrait r\u00e9guli\u00e8rement de mani\u00e8re tr\u00e8s pertinente que l\u2019accusation ne tenait pas. J\u2019esp\u00e8re qu\u2019un des deux va dire que la peine de dix-huit ans est l\u00e0 uniquement car Abbad a d\u00e9j\u00e0 \u00e9t\u00e9 condamn\u00e9 \u00e0 vingt-cinq ans. Abbad est un d\u00e9linquant, un trafiquant de drogue. Un homme anim\u00e9 par une id\u00e9ologie djihadiste ? Non. Me Durand-Pointcloux commence&nbsp;:<\/p>\n\n\n\n<p><br>\u00ab Aujourd\u2019hui je suis troubl\u00e9e et en col\u00e8re. Pendant plusieurs jours j\u2019ai cru \u00eatre en col\u00e8re pour quelque chose de futile Les parties civiles ont souvent qualifi\u00e9 les accus\u00e9s <em>d\u2019incultes<\/em>&nbsp; j\u2019avais honte puis le r\u00e9quisitoire est arriv\u00e9 j\u2019ai eu encore plus honte. Une col\u00e8re profonde, les avocats g\u00e9n\u00e9raux ont d\u2019abord racont\u00e9 une autre histoire livr\u00e9e apr\u00e8s cl\u00f4ture des d\u00e9bats c\u2019est comme l\u00e2cher une bombe atomique le jour de l\u2019armistice. Alors ce mois de suspension il aura servi, d\u2019abord \u00e0 Ali Polat gu\u00e9ri du covid puis aux avocats g\u00e9n\u00e9raux qui ont trouv\u00e9 de nouvelles accusations. Sa\u00efd Kouachi quasiment aveugle, un suiveur de son fr\u00e8re Ch\u00e9rif et l\u00e0 on nous dit dans le r\u00e9quisitoire qu\u2019il aurait cherch\u00e9 de lui-m\u00eame des armes, on fait d&rsquo;une rencontre fortuite, sans aucun \u00e9change, dans un lieu public avec des tiers, la rencontre pendant laquelle Sa\u00efd Kouachi aurait demand\u00e9 des armes \u00e0 Abdelaziz Abbad, il y a un probl\u00e8me les faits sont mat\u00e9riellement impossibles faits pour lesquels Abbad est renvoy\u00e9 ici, on en est l\u00e0. On nous dit que&nbsp; <em>y\u2019a pas besoin de preuve<\/em> on nous dit que&nbsp; <em>l\u2019abscence d\u2019impossibilit\u00e9 doit conduire \u00e0 dix-huit ans de r\u00e9clusions criminelle <\/em>&#8230;y\u2019a pas que moi qui devrais avoir honte. Alors oui c\u2019est pas \u00e9vident de comparer Abbad a un agneau tout le monde en convient mais les premiers mots qui me sont venus c&rsquo;est <em>: si ce n&rsquo;est toi, c&rsquo;est donc ton fr\u00e8re. Je n&rsquo;en ai point, c&rsquo;est donc l&rsquo;un des tiens. <\/em>C&rsquo;est honteux et truff\u00e9s de mensonges. M\u00eame&nbsp; l\u2019enqu\u00eateur de la SDAT dit que Abbad n\u2019a jamais reconnu Sa\u00efd Kouachi. &nbsp;Karasular et&nbsp; Catino&nbsp; recherchent des&nbsp; armes pour Abbad ? NON. On nous dit qu\u2019est prouv\u00e9e la recherche d\u2019armes pour Sa\u00efd Kouachi ? Merci de nous pr\u00e9venir. Que la ligne d\u2019Abbad stop le 7 janvier c\u2019est faux. &nbsp;Que le trajet Bastille Charleroi se fait en 2h12 . Et que Abbad a fourni des armes bon alors l\u00e0 je parle m\u00eame pas de v\u00e9rit\u00e9 il n\u2019est m\u00eame pas renvoy\u00e9 pour \u00e7a, tout est faux et donc j\u2019ai honte<br>J&rsquo;ai mis un peu de temps \u00e0 m&rsquo;en remettre. Et j&rsquo;ai honte. Et j&rsquo;ai repens\u00e9 \u00e0 cette phrase <em>: Que consid\u00e8res-tu comme ce qu&rsquo;il y a de plus humain ? Epargner la honte \u00e0 quelqu&rsquo;un<\/em>.<br><br><\/p>\n\n\n\n<p>Et elle reprend l\u2019histoire d\u2019Abbad. Il a connu Karasular pour de la drogue. Il envoie Abbad chez Polat le 25 novembre mais ce sont des armes pourries Abbad n\u2019en veut pas, Catino remonte le sac le 30 novembre. Le sac d\u2019armes est stock\u00e9 \u00e0 Revin chez une nourrice qui en vend pour s\u2019acheter de la drogue et en balance dans La Meuse.&nbsp; Abbad a rencontr\u00e9 quelqu\u2019un qui cherchait des armes, un homme \u00e0 lunette, moustache, b\u00e9ret une ressemblance avec Sa\u00efd Kouachi mais \u00e7a n\u2019est pas lui. \u00ab Cette simple ressemblance sert \u00e0 construire toute l\u2019accusation contre Abbad \u00bb&nbsp; elle cite trois d\u00e9clarations de la SDAT qui vont dans ce sens : \u00ab C\u2019est rare pour moi de plaider en d\u00e9fense en citant la SDAT \u00bb elle poursuit : \u00ab Le parquet a dit que tous les t\u00e9moins avaient chang\u00e9 leur d\u00e9positions pourtant un des t\u00e9moins d\u2019 Abbad a dit en garde \u00e0 vue et ici que c\u2019est Omar l\u2019homme qui ressemble \u00e0 Sa\u00efd Kouachi alors on comprend &nbsp;hein le dossier il est vide sur les Kouachi fallait bien que Abbad rencontre Sa\u00efd &nbsp;Kouachi. On nous a dit de privil\u00e9gier la logique sur les preuves alors parlons logique Abbad parle d\u2019un homme \u00e0 moustache en novembre d\u00e9cembre. Sa\u00efd Kouachi quand il meurt un mois apr\u00e8s il a une grosse barbe. Ensuite le circuit des armes, donc Sa\u00efd Kouachi va voir un homme qu\u2019il ne conna\u00eet pas, Abbad, et lui prend les armes pourries dont Coulibaly n\u2019a pas voulu mais lui il les prend ! Un sacr\u00e9 hasard ! En fait je trouve \u00e7a triste. Je vois pas comment on peut y croire. Le transport d\u2019armes est la seule chose qui sort de ce dossier \u00bb elle parle un peu t\u00e9l\u00e9phonie. Puis \u00ab Je vais m\u00eame pas plaider l\u2019absence d\u2019adh\u00e9sion id\u00e9ologique pour Abbad \u00e7a n\u2019est m\u00eame pas envisag\u00e9 on va \u00e9viter du temps en trop, c\u2019est honteux. Abbad n&rsquo;est coupable que d&rsquo;avoir d\u00e9tenu, transport\u00e9 des armes. D&rsquo;en avoir revendu deux avant de se faire voler le reste. Il acquiert des armes pour lui, le d\u00e9bat n&rsquo;est pas le caract\u00e8re terroriste, c&rsquo;est l&rsquo;existence d&rsquo;infraction. Pendant les d\u00e9bats les parties civiles nous ont dit qu&rsquo;elles attendaient du proc\u00e8s de mieux comprendre les tenants et les aboutissants, qui a fait quoi. Chez l&rsquo;accusation, on pr\u00e9f\u00e8re vous soutenir le tout co\u00fbte que co\u00fbte.<\/p>\n\n\n\n<p>Monsieur le Pr\u00e9sident, mesdames messieurs, qui y a-t-il de plus humain? &nbsp;\u00c9pargner la honte \u00e0 quelqu\u2019un.&nbsp;\u00bb<\/p>\n\n\n\n<p>Une heure de plaidoirie.<\/p>\n\n\n\n<p>C\u2019est au tour de Me Apelbaum de prendre la parole&nbsp;:<\/p>\n\n\n\n<p><br>\u00ab J\u2019ai entendu Me Durand-Pointcloux parler de honte de col\u00e8re de trouble,&nbsp;moi je suis fatigu\u00e9 de cette suspension qui a donn\u00e9 lieu au parquet de changer les v\u00e9rit\u00e9s, au gouvernement de proc\u00e9der \u00e0 une ordonnance inf\u00e2me. C\u2019est au bout de sept semaines qu\u2019 Abbad a parl\u00e9\u2026 dans quel \u00e9tat arrivons nous ici ? Je suis fatigu\u00e9 aussi du r\u00e9quisitoire surr\u00e9aliste quasi mystique. Bas de gamme quand on dit des phrases comme \u00ab <em>il n\u2019y a pas de hasard<\/em> \u00bb on est au caf\u00e9 du commerce, un r\u00e9quisitoire effrayant qui consid\u00e8re que sept ans de prison est une peine l\u00e9g\u00e8re. Le parquet devrait se rappeler que sur terre il y a des \u00eatres humains dont la place n\u2019est pas en prison. Dans ce genre de proc\u00e8s il faut tenir, chacun a sa technique le moment de lumi\u00e8re pour moi \u00e7a a \u00e9t\u00e9 les dessins de Fran\u00e7ois Boucq de Charlie Hebdo et les articles [de Yannick Haenel] transformer l\u2019horreur en \u0153uvre d\u2019art\u2026Vous n\u2019\u00eates pas des artistes, vous jugez des faits, une r\u00e9alit\u00e9 une mat\u00e9rialit\u00e9&nbsp;\u00bb et il revient aussi sur la chronologie, brode sur Charleville-M\u00e9zi\u00e8res une ville \u00ab&nbsp;o\u00f9 tout le monde se connait mais non en fait&nbsp;\u00bb il explique que Sa\u00efd Kouachi n\u2019a pas pu demander des armes \u00e0 Abbad car Sa\u00efd Kouachi vivait dans un cloisonnement tel que m\u00eame les services de renseignements n\u2019ont pas pu placer un individu pour infiltrer son groupe, il dit&nbsp;: \u00ab&nbsp;Je ne veux pas dire les vrais mots que je pense\u2026\u00e7a d\u00e9passerait le cadre acceptable d\u2019une plaidoirie&nbsp;\u00bb, il rappelle que des t\u00e9moins pas amis d\u2019Abbad et m\u00eame un policier ont dit que celui-ci n\u2019\u00e9tait qu\u2019un trafiquant de drogue et sa plaidoirie devient quasiment inaudible Me Apelbaum oublie de parler dans le micro, on&nbsp; entend juste Ali Polat s\u2019\u00e9nerver, le Pr\u00e9sident le rappelle \u00e0 l\u2019ordre et Me Coutant-Peyre le sermonne, Ali Polat fait le signe \u00ab&nbsp;zinzin&nbsp;\u00bb en tournant son doigt sur sa t\u00eate. Me Apelbaum \u00e9voque \u00ab&nbsp;la parole&nbsp;\u00bb celle que ne donne pas Peter Cherif quand il appara\u00eet pour t\u00e9moigner mais Abbad il parle, il termine&nbsp;: \u00ab&nbsp;Je vais finir en reprenant les mots d\u2019une partie civile, Sigol\u00e8ne Vinson qui a dit ici <em>Il faut condamner les coupables s\u2019il y en a<\/em>. Devant vous aujourd\u2019hui il n\u2019y en a pas, il faut donner \u00e0 chacun la peine qu\u2019il m\u00e9rite. Charlie Hebdo notre peine \u00e0 nous. Ni plus ni moins la justice pour Abdelaziz Abbad, la justice pour tous.&nbsp;\u00bb<\/p>\n\n\n\n<p>Fin de la plaidoirie de plus d\u2019une heure.<\/p>\n\n\n\n<p>Et il y a une suspension de vingt minutes, pendant ce temps Me Margot Pugliese se pr\u00e9pare, elle est la prochaine \u00e0 passer, elle se concentre, fait quelques pas, petite bouteille d\u2019eau \u00e0 la main. Elle est discr\u00e8te mais chaque intervention fait mouche, elle plaide pour Miguel Martinez, elle commence&nbsp;:<\/p>\n\n\n\n<p>\u00ab&nbsp;A la fin de ce proc\u00e8s et pendant toute la proc\u00e9dure je me suis pos\u00e9e la m\u00eame question est ce qu\u2019on peut encore y croire \u00e0 la justice anti-terroriste&nbsp;? Est-ce que vous serez assez libres pour ne pas suivre la th\u00e8se construite pendant des ann\u00e9es&nbsp;? Assez courageux pour rendre la justice et acquitter Miguel Martinez de l\u2019infraction d\u2019association de malfaiteurs terroristes&nbsp;? Miguel Martinez il me dit qu\u2019il a peur que vous soyez injustes et moi je peux pas le rassurer, j\u2019ai vu construire ce syst\u00e8me et seul votre d\u00e9lib\u00e9r\u00e9 pourra me rassurer, vous \u00eates cinq \u00e0 le juger. Et puis le parquet si puissant, comment remettre \u00e7a en doute, ils ont un pouvoir exceptionnel, mais jamais ils n\u2019ont pos\u00e9 une seule question \u00e0 Miguel Martinez sur son islam alors face \u00e0 tout \u00e7a Miguel Martinez il a peur. Je n\u2019ai rien oubli\u00e9 de l\u2019horreur, du contexte, nous d\u00e9fendons avec tous ces chagrins et d\u2019autres attentats pendant ce proc\u00e8s et on en peut plus des islamistes, on en peut plus des barbus&nbsp;! Miguel Martinez avec sa barbe il est condamn\u00e9 d\u2019avance&nbsp;? J\u2019ai une certitude c\u2019est qu\u2019on a pas gard\u00e9 la t\u00eate froide je me souviens chez la juge d\u2019instruction elle lui <em>dit Ah&nbsp;! Je n\u2019avais pas encore de barbu&nbsp;!<\/em> Alors on a ri avec Miguel Martinez mais apr\u00e8s on s\u2019est rendu compte que ce n\u2019\u00e9tait pas un trait d\u2019esprit Miguel Martinez il est vu comme un fou de dieu. Sans le radicalisme de Miguel Martinez il reste Abdelaziz Abbad et son trafic de stup\u00e9fiant pour le rattacher \u00e0 une radicalisation c\u2019\u00e9tait compliqu\u00e9 alors on trouve Miguel Martinez et on m\u00e9lange les deux alors on enqu\u00eate et c\u2019est pas simple hein de trouver la radicalisation de Miguel Martinez, y\u2019a une photo de lui barbu \u00e0 la Mecque, m\u00eame l\u2019enqu\u00eatrice de la SDAT dit qu\u2019elle ne ressent pas \u00eatre en face d\u2019un islamiste.&nbsp; Sa femme, sa belle-m\u00e8re \u00e7a colle pas alors on cherche d\u2019autres t\u00e9moins et on trouve\u2026 Patrick&nbsp;! Le p\u00e8re de sa femme&nbsp;!&nbsp; Le graal. L\u00e0 c\u2019\u00e9tait merveilleux\u2026 Miguel Martinez regarde des vid\u00e9os de d\u00e9capitation Patrick a dit et \u00e0 chaque demande de remise en libert\u00e9 on nous dit non Miguel Martinez regarde des vid\u00e9os de d\u00e9capitations&nbsp;! Miguel Martinez porte sur les \u00e9paules le poids immonde du t\u00e9moignage de son beau-p\u00e8re&nbsp;\u00bb<\/p>\n\n\n\n<p>Ensuite elle explique quelque chose, elle a demand\u00e9 \u00e0 avoir acc\u00e8s \u00e0 certaines fadettes de t\u00e9l\u00e9phonie on lui a dit qu\u2019elle n\u2019avait pas le m\u00eame logiciel que le parquet donc c\u2019\u00e9tait compliqu\u00e9, elle explique qu\u2019elle a fait confiance, en plus ces fadettes \u00e9taient sous scell\u00e9s et c\u2019est ici au proc\u00e8s qu\u2019elle apprend quelque chose&nbsp;: la ligne t\u00e9l\u00e9phonique reproch\u00e9e \u00e0 Miguel Martinez et qui est coup\u00e9e le 25 novembre 2014 date \u00e0 laquelle Abbad va chercher le sac d\u2019armes, cette ligne en fait appartient \u00e0 Metin Karasular, Miguel Martinez lui le 25 novembre2014 a eu 147 contacts (sms, appels) elle dit \u00ab&nbsp;voil\u00e0 ce dossier, je m\u2019en veux de ne pas avoir demand\u00e9 les fadettes mais c\u2019est que moi j\u2019y ai cru \u00e0 ce syst\u00e8me&nbsp;!&nbsp;\u00bb Elle explique donc que Patrick (\u00ab&nbsp;qui pla\u00e7ait des t\u00eates de porc dans le frigo de Miguel Martinez&nbsp;\u00bb) a en fait menti, Miguel Martinez a vu un film de Dupontel \u00ab&nbsp;Bernie&nbsp;\u00bb, \u00ab&nbsp;Ca a \u00e9t\u00e9 un bel effet d\u2019audience\u2026mais c\u2019est triste \u00e0 en pleurer pour le parquet national anti-terroriste&nbsp;\u00bb elle explique ensuite&nbsp; pourquoi Miguel Martinez s\u2019est converti \u00e0 l\u2019islam, son p\u00e8re s\u2019est suicid\u00e9 \u00e0 9 ans, sa m\u00e8re est morte quand il avait une vingtaine d\u2019ann\u00e9es. \u00ab&nbsp;Vous voyez Miguel Martinez depuis plus de trois mois, vous l\u2019avez vu regarder la salle toujours pour savoir qui est qui, pour conna\u00eetre les histoires de chacun, vous l\u2019avez vu lire Charlie hebdo dans le box et rire et je voudrais parler d\u2019une chose. Vous avez parl\u00e9 d\u2019un incident avec des femmes pendant l\u2019audience Monsieur le Pr\u00e9sident mais vous n\u2019\u00e9crivez pas la nature de cet incident dans votre rapport. Ce qu\u2019il s\u2019est pass\u00e9 c\u2019est qu\u2019un jour ici Miguel Martinez il en a eu marre. Car les accus\u00e9s ici ils se font palper les parties tout le temps. Ils pissent devant tout le monde la porte ouverte. On vous en a parl\u00e9, on vous a dit <em>il y a des probl\u00e8mes, \u00e7a se passe mal <\/em>et un jour Miguel Martinez il a craqu\u00e9 alors stop. L\u00e0 \u00e7a devient important\u2026Si y\u2019a pas de radicalisation de Miguel Martinez on a quoi,&nbsp;? Qu\u2019est ce qu\u2019il y a&nbsp;? Il y a le beau fr\u00e8re de Sa\u00efd Kouachi et Sa\u00efd Kouachi qui vont au garage de Miguel Martinez une fois pour des pneus et c\u2019est Miguel Martinez qui en parle spontan\u00e9ment. Miguel Martinez va chez Metin karasular pour de la drogue c\u2019est reconnu et il a des contacts t\u00e9l\u00e9phonique pendant 2 semaines avec Karasular, une fois avec Michel Catino et Ali Polat. Et il y a le sac d\u2019armes stock\u00e9s chez une nourrice. Et \u00e7a c\u2019est quinze ans fin de l\u2019histoire mais dans le r\u00e9quisitoire on parle pas du sac d\u2019armes car le parquet SAIT que les armes c\u2019est une histoire parall\u00e8le c\u2019est pas les attentats&nbsp;\u00bb<\/p>\n\n\n\n<p>Elle se tourne vers Miguel Martinez&nbsp;: \u00ab&nbsp;Vous avez une sale gueule Monsieur Martinez&nbsp;!&nbsp;\u00bb<\/p>\n\n\n\n<p>Elle s\u2019adresse \u00e0 la cour&nbsp;: \u00ab&nbsp;La radicalisation elle est pas l\u00e0&nbsp;! Alors il va falloir baisser. Beaucoup beaucoup beaucoup beaucoup quinze ans. Ayez du courage vraiment. Pourquoi vous \u00eates devenus juges&nbsp;? Pourquoi vous avez pr\u00eat\u00e9 serment&nbsp;? Vous vous \u00eates dit que vous serez libres, ind\u00e9pendants, sans pression m\u00eame si le monde vous regarde&nbsp;\u00bb elle se retourne vers son client&nbsp;: \u00ab&nbsp;Voil\u00e0 c\u2019est fini Monsieur Martinez&nbsp;\u00bb puis au Pr\u00e9sident&nbsp;: \u00ab&nbsp;Monsieur le Pr\u00e9sident c\u2019est vous qui allez le juger, je vous le confie&nbsp;\u00bb<\/p>\n\n\n\n<p>Fin de la plaidoirie (un peu maternelle) une heure quinze et nous allons en pause.<\/p>\n\n\n\n<p>Au retour le Pr\u00e9sident lit des conclusions et c\u2019est un \u00e9norme clash. Les parties civiles ont demand\u00e9 \u00e0 ce que la prise d\u2019otage de l\u2019Hypercacher soit qualifi\u00e9e d\u2019antis\u00e9mite ce n\u2019est pas \u00ab&nbsp;juridiquement&nbsp;\u00bb possible, par contre Coulibaly a tent\u00e9 d\u2019assassiner une petite caissi\u00e8re de l\u2019Hypercacher&nbsp; et donc la notion \u00ab&nbsp;antis\u00e9mite&nbsp;\u00bb est retenue \u00e7a avait d\u00e9j\u00e0 \u00e9t\u00e9 d\u00e9battu et l\u00e0 ils recommencent, les avocats parties civiles disent quand m\u00eame quelque chose d\u2019honteux \u00ab&nbsp;Si vous ne retenez pas [la question de la circonstance aggravante de l\u2019antis\u00e9mitisme] ne vous inqui\u00e9tez pas \u00e7a ne fera pas de vous un antis\u00e9mite&nbsp;\u00bb l\u2019avocat g\u00e9n\u00e9ral se l\u00e8ve outr\u00e9 il ne supporte pas (\u00e0 juste titre) ce que vient de dire la partie civile il explique que cette question a d\u00e9j\u00e0 \u00e9t\u00e9 d\u00e9battue, &nbsp;que tout simplement ce n\u2019est pas possible \u00ab&nbsp;JURIDIQUEMENT&nbsp;\u00bb et c\u2019est une de mes deux stars de la d\u00e9fense Me Safya Akorri qui parle au nom de ses confr\u00e8res elle est scandalis\u00e9e&nbsp;: \u00ab&nbsp;On a un gros probl\u00e8me de forme, on reprend les plaidoiries partie civiles en milieu de plaidoiries d\u00e9fense et on essaie de nous dire que y\u2019a pas eu quatre ans d\u2019instruction et un probl\u00e8me de fond&nbsp;: on tente de nous dire que toute s\u00e9questration, toute prise d\u2019otage est une tentative d\u2019assassinat&nbsp;\u00bb Me Coutant-Peyre se l\u00e8ve&nbsp;: \u00ab&nbsp;Bon euh \u00eatre qualifi\u00e9 d\u2019antis\u00e9mite \u00e7a c\u2019est le truc qui tue&nbsp;\u00bb tout le monde crie on convoque Aragon, L\u00e9on Blum, le code p\u00e9nal, la convention des droits de l\u2019homme, le show, le spectacle, certains baissent le pouce comme dans une ar\u00e8ne et Me Coutant-Peyre crie&nbsp;: \u00ab&nbsp;MON CLIENT IL EST EN TAULE \u00ab&nbsp; je ris mais en vrai il est temps que \u00e7a se termine. Ces hurlements contrastent fortement avec Me Hugo L\u00e9vy avocat de Willy Pr\u00e9vost, il parlait beaucoup au d\u00e9but, beaucoup moins par la suite, l\u00e0 il fait une plaidoirie assez litt\u00e9raire au d\u00e9but, un peu comme s\u2019il passait un oral pour hypokh\u00e2gne et c\u2019est assez monotone et le probl\u00e8me c\u2019est qu\u2019il a l\u2019air tr\u00e8s tr\u00e8s triste.<\/p>\n\n\n\n<p>Il parle de Thomas Hobbes (\u00ab&nbsp;un homme du XVII\u00e8me il a connu le mauvais temps&nbsp;\u00bb) Alain Badiou, Gilles Kepel, Hugo Micheron, Nietzsche bon je m\u2019endors, de Willy Pr\u00e9vost son client il dit qu\u2019il est \u00ab&nbsp;un fr\u00e8re humain et le box en est rempli&nbsp;\u00bb il parle de diff\u00e9rents \u00e9v\u00e8nements de fanatisme catholique, il r\u00e9v\u00e8le que Willy Pr\u00e9vost a accept\u00e9 le dessin offert par l\u2019avocat de la famille d\u2019Honor\u00e9. Il dit des phrases comme&nbsp;: \u00ab&nbsp;Je suis en col\u00e8re quand j\u2019entends qu\u2019il risque dix-huit ans, cet homme n\u2019est pas col\u00e8re il est tristesse, oui il a vers\u00e9 des larmes en garde \u00e0 vue, oui il a vers\u00e9 des larmes apr\u00e8s le r\u00e9quisitoire&nbsp;\u00bb il lit le rapport QER qui dit que Willy Pr\u00e9vost avait une grande empathie pour les victimes et de l\u2019animosit\u00e9 pour Coulibaly, il dit \u00ab&nbsp;Grigny \u00e7a veut dire grincer des dents&nbsp;\u00bb des phrases comme \u00e7a. Il \u00e9voque la pauvret\u00e9 sociale du d\u00e9partement, la famille de son client, le p\u00e8re alcoolique, la m\u00e8re avec 13 000 euros de dette, le fr\u00e8re qu\u2019il faut nourrir&nbsp;\u00bb c\u2019est Victor Hugo L\u00e9vy on dirait <em>Les mis\u00e9rables,<\/em> il parle du tract palestinien retrouv\u00e9 chez son client \u00ab&nbsp;La palestine je m\u2019en tape&nbsp;\u00bb dit Willy Pr\u00e9vost chez la juge d\u2019instruction. Il rappelle que son client n\u2019a commis aucun crime ni d\u00e9lit, pas de vol, pas d\u2019escroquerie, pas de transport d\u2019armes. Au bout d\u2019une heure trente il parle de \u00ab&nbsp;Segmentation abstraite du r\u00e9el&nbsp;\u00bb je m\u2019endors. Il dit \u00abMon fr\u00e8re humain Pr\u00e9vost&nbsp;\u00bb, au bout de deux heures&nbsp;: \u00ab&nbsp;Il faut qu\u2019il puisse admettre et comprendre la peine, donnez-lui l\u2019espoir d\u2019une v\u00e9ritable reconstruction&nbsp;\u00bb &nbsp;et \u00e0 moi l\u2019espoir de rentrer vite chez moi.<\/p>\n\n\n\n<p><\/p>\n\n\n\n<p><\/p>\n\n\n\n<p><\/p>\n","protected":false},"excerpt":{"rendered":"<p>&nbsp;Jeudi 10 d\u00e9cembre 2020. 38\u00e8me audience. Ce matin est consacr\u00e9 \u00e0 Abdelaziz Abbad et Miguel&#8230;<\/p>\n<div class=\"more-link-wrapper\"><a class=\"more-link\" href=\"https:\/\/chroniquer.fr\/index.php\/2020\/12\/10\/quil-a-t-il-de-plus-humain-epargner-la-honte-a-quelquun\/\">Read the post<span class=\"screen-reader-text\">\u00ab\u00a0qu&rsquo;il a-t-il de plus humain? Epargner la honte \u00e0 quelqu&rsquo;un\u00a0\u00bb<\/span><\/a><\/div>\n","protected":false},"author":1,"featured_media":0,"comment_status":"open","ping_status":"open","sticky":false,"template":"","format":"standard","meta":[],"categories":[104,91,90],"tags":[],"_links":{"self":[{"href":"https:\/\/chroniquer.fr\/index.php\/wp-json\/wp\/v2\/posts\/380"}],"collection":[{"href":"https:\/\/chroniquer.fr\/index.php\/wp-json\/wp\/v2\/posts"}],"about":[{"href":"https:\/\/chroniquer.fr\/index.php\/wp-json\/wp\/v2\/types\/post"}],"author":[{"embeddable":true,"href":"https:\/\/chroniquer.fr\/index.php\/wp-json\/wp\/v2\/users\/1"}],"replies":[{"embeddable":true,"href":"https:\/\/chroniquer.fr\/index.php\/wp-json\/wp\/v2\/comments?post=380"}],"version-history":[{"count":2,"href":"https:\/\/chroniquer.fr\/index.php\/wp-json\/wp\/v2\/posts\/380\/revisions"}],"predecessor-version":[{"id":436,"href":"https:\/\/chroniquer.fr\/index.php\/wp-json\/wp\/v2\/posts\/380\/revisions\/436"}],"wp:attachment":[{"href":"https:\/\/chroniquer.fr\/index.php\/wp-json\/wp\/v2\/media?parent=380"}],"wp:term":[{"taxonomy":"category","embeddable":true,"href":"https:\/\/chroniquer.fr\/index.php\/wp-json\/wp\/v2\/categories?post=380"},{"taxonomy":"post_tag","embeddable":true,"href":"https:\/\/chroniquer.fr\/index.php\/wp-json\/wp\/v2\/tags?post=380"}],"curies":[{"name":"wp","href":"https:\/\/api.w.org\/{rel}","templated":true}]}}