{"id":309,"date":"2020-10-23T17:48:20","date_gmt":"2020-10-23T15:48:20","guid":{"rendered":"http:\/\/chroniquer.fr\/?p=309"},"modified":"2021-02-04T16:12:47","modified_gmt":"2021-02-04T15:12:47","slug":"sonia-veuve-du-commanditaire-de-lhypercacher","status":"publish","type":"post","link":"https:\/\/chroniquer.fr\/index.php\/2020\/10\/23\/sonia-veuve-du-commanditaire-de-lhypercacher\/","title":{"rendered":"Sonia, veuve du commanditaire de l\u2019Hypercacher"},"content":{"rendered":"\n<div class=\"wp-block-image\"><figure class=\"aligncenter size-large\"><img loading=\"lazy\" width=\"1024\" height=\"932\" src=\"https:\/\/chroniquer.fr\/wp-content\/uploads\/2020\/10\/122320397_680893866170012_8435832943819732056_n-1024x932.jpg\" alt=\"\" class=\"wp-image-310\" srcset=\"https:\/\/chroniquer.fr\/wp-content\/uploads\/2020\/10\/122320397_680893866170012_8435832943819732056_n-1024x932.jpg 1024w, https:\/\/chroniquer.fr\/wp-content\/uploads\/2020\/10\/122320397_680893866170012_8435832943819732056_n-300x273.jpg 300w, https:\/\/chroniquer.fr\/wp-content\/uploads\/2020\/10\/122320397_680893866170012_8435832943819732056_n-768x699.jpg 768w, https:\/\/chroniquer.fr\/wp-content\/uploads\/2020\/10\/122320397_680893866170012_8435832943819732056_n-1536x1397.jpg 1536w, https:\/\/chroniquer.fr\/wp-content\/uploads\/2020\/10\/122320397_680893866170012_8435832943819732056_n-2048x1863.jpg 2048w\" sizes=\"(max-width: 1024px) 100vw, 1024px\" \/><\/figure><\/div>\n\n\n\n<p><\/p>\n\n\n\n<p>Vendredi 23 octobre 2020. 30<sup>\u00e8me<\/sup> audience.<\/p>\n\n\n\n<p>Journ\u00e9e visioconf\u00e9rence. La plus attendue est l\u2019audition&nbsp;de Peter Ch\u00e9rif. Membre d\u2019Al-Qa\u00efda, il \u00e9tait ami avec Ch\u00e9rif Kouachi. Il est parti combattre en Irak, il a \u00e9t\u00e9 captur\u00e9 et mis \u00e0 la prison d&rsquo;Abou Ghraib. Il s\u2019est \u00e9chapp\u00e9 et est all\u00e9 en Syrie pour combattre. Il est de nouveau arr\u00eat\u00e9 et extrad\u00e9 en France et&#8230; il s\u2019\u00e9chappe le dernier jour de son proc\u00e8s et va partir en cavale six ans au Y\u00e9men. Il est arr\u00eat\u00e9 fin 2018. Il ne renie rien de son engagement islamiste. Il est en prison actuellement, pas possible de le faire venir t\u00e9moigner \u00e0 la barre pour des raisons de s\u00e9curit\u00e9, il sera jug\u00e9 dans le cadre de ces attentats mais plus tard, la juge d\u2019instruction avait d\u00e9j\u00e0 clos le dossier lorsqu\u2019il a \u00e9t\u00e9 arr\u00eat\u00e9.&nbsp;<\/p>\n\n\n\n<p>Dans la salle, avant que l\u2019audience commence, des journalistes miment le salut nazi fait hier par Patrick, le t\u00e9moin, les journalistes non pr\u00e9sents hier ont les yeux tout \u00e9carquill\u00e9s. L\u2019audience commence et un avocat de la partie civile prend la parole : \u00ab Hier, Monsieur le Pr\u00e9sident, un t\u00e9moin a eu des propos racistes. Il a parl\u00e9 de renier sa race, collectivement une r\u00e9action aurait d\u00fb avoir lieu, ces propos-l\u00e0 sont condamnables et n\u2019ont pas leur place dans cette ar\u00e8ne.&nbsp;\u00bb Me Pugliesi, ma rock star de la d\u00e9fense : \u00ab&nbsp;Unanimement, au nom de la d\u00e9fense, nous condamnons ces propos ouvertement racistes et tous mes confr\u00e8res de la d\u00e9fense se joignent \u00e0 moi sur \u00e7a. \u00bb<\/p>\n\n\n\n<p>L\u2019\u00e9cran s\u2019allume pour une visioconf\u00e9rence. A l\u2019\u00e9cran appara\u00eet une jeune femme, toute mignonne, marini\u00e8re rose, elle pourrait avoir un Hello Kitty derri\u00e8re, sans voile, elle est en d\u00e9tention provisoire pour une affaire de terrorisme, elle a des choses \u00e0 nous dire. En fait elle a v\u00e9cu en Syrie, elle s\u2019appelle Sonia, elle est n\u00e9e en 1989. Elle raconte&nbsp;: \u00ab&nbsp;En Syrie je suis partie en septembre 2014. L\u00e0-bas, j\u2019ai \u00e9t\u00e9 mari\u00e9e \u00e0 Abdelnasser Benyoucef, il m\u2019a dit ses fonctions, il \u00e9tait l\u2019\u00e9mir des op\u00e9rations ext\u00e9rieures, il a commandit\u00e9 les attentats de l\u2019Hypercacher, de Notre-Dame et un attentat rat\u00e9 en Belgique. Il m\u2019a dit qu\u2019il s\u2019\u00e9tait occup\u00e9 de recruter Amedy Coulibaly. Il le trouvait sinc\u00e8re envers dieu, il n\u2019en disait pas plus.&nbsp;\u00bb Le Pr\u00e9sident l\u2019interroge sur les gens qu\u2019elle a vus \u00ab&nbsp;sur zone&nbsp;\u00bb, \u00ab&nbsp;sur zone&nbsp;\u00bb c\u2019est le terme utilis\u00e9 par les services de police et la cour pour parler de la zone Irak\/Syrie, il lui demande comment l\u00e0-bas les attentats ont \u00e9t\u00e9 v\u00e9cus&nbsp;? \u00ab \u00c7a a fait beaucoup de bruit sur zone. Y\u2019a eu Hayat Boumeddiene qui a donn\u00e9 une interview au magazine de l\u2019\u00c9tat Islamique. Mon mari il \u00e9tait content, que fallait que la France paye des bombardements, il disait on se venge et voil\u00e0, pour le Bataclan mon mari \u00e9tait content. \u00bb Le Pr\u00e9sident lui dit&nbsp;: \u00ab&nbsp;Bon y\u2019a une information judiciaire en cours sur vous donc on n\u2019y revient pas, d\u2019ailleurs vous allez aussi t\u00e9moigner au proc\u00e8s de Sid Ahmed Ghlam qui se d\u00e9roule actuellement, mais bref c\u2019est pas le sujet. Votre opinion \u00e0 vous c\u2019est quoi&nbsp;?&nbsp;\u00bb Elle dit qu\u2019elle a \u00e9t\u00e9 triste mais que \u00ab&nbsp;sur zone&nbsp;\u00bb on ne peut pas montrer \u00e7a. Elle dit qu\u2019elle a eu deux enfants avec cet homme-l\u00e0, puis&nbsp;: \u00ab&nbsp;Mon mari est mort le 30 mars 2016. Je l\u2019ai vu mort, il s\u2019est pris une balle. J\u2019ai \u00e9t\u00e9 remari\u00e9e avec un autre homme, un soldat, j\u2019ai eu un enfant. Hayat Boumeddiene, je l\u2019ai rencontr\u00e9e plusieurs fois, d\u2019abord \u00e0 Raqqa apr\u00e8s son arriv\u00e9e, apr\u00e8s je l\u2019ai vue dans les camps, elle a r\u00e9ussi \u00e0 s\u2019enfuir, elle s\u2019\u00e9tait remari\u00e9e \u00e0 un Tunisien sans enfants, elle \u00e9tait toujours \u00e0 fond pour l\u2019\u00c9tat Islamique et voulait rejoindre un autre califat.&nbsp;\u00bb En janvier 2020, Sonia est incarc\u00e9r\u00e9e en France. Elle raconte avoir cess\u00e9 d\u2019adh\u00e9rer \u00e0 l\u2019id\u00e9ologie d\u00e8s son arriv\u00e9e l\u00e0-bas. Le Pr\u00e9sident&nbsp;: \u00ab&nbsp;Oui, d\u2019ailleurs en PV vous racontez que votre mari \u00e9tait violent avec vous, qu\u2019il vous frappait, qu\u2019il vous violait et aussi des choses interdites par l\u2019islam comme la sodomie.&nbsp;\u00bb et Sonia s\u2019\u00e9croule. En vrai \u00e7a me fait super mal au c\u0153ur et m\u00eame si je comprends qu\u2019on lise une d\u00e9position, vu qu\u2019elle n\u2019est que t\u00e9moin, je pense que le Pr\u00e9sident aurait pu pr\u00e9senter les viols de mani\u00e8re elliptique, \u00e7a n\u2019am\u00e8ne rien aux d\u00e9bats de savoir \u00e7a et vu la r\u00e9action de Sonia elle ne s\u2019attendait pas \u00e0 ce qu\u2019il raconte \u00e7a. Elle se reprend et raconte son exfiltration jusqu\u2019\u00e0 Istanbul avec ses trois enfants. Elle a appris que son deuxi\u00e8me mari est en prison chez les Kurdes. Elle rajoute avoir rencontr\u00e9 les Belhoucine. Medhi est mort tr\u00e8s rapidement apr\u00e8s son arriv\u00e9e, ce que les services de renseignements savaient. Quant \u00e0 Mohamed et sa femme, partis avec leur enfant, ils ont eu trois autres enfants \u00ab&nbsp;sur zone&nbsp;\u00bb et seraient tous morts. Elle a pass\u00e9 cinq ans de sa vie en Syrie.<\/p>\n\n\n\n<p>Une avocate partie civile veut savoir comment elle en est arriv\u00e9e l\u00e0. L\u00e0 encore \u00e7a ne rentre pas dans le d\u00e9bat mais bon, Sonia raconte avoir rencontr\u00e9 une \u00ab&nbsp;mauvaise personne&nbsp;\u00bb &#8211; on comprend \u00ab&nbsp;un id\u00e9ologue&nbsp;\u00bb &#8211; d\u2019ailleurs elle dit&nbsp;: \u00ab&nbsp;Comme celui-l\u00e0, qui parle du professeur d\u00e9capit\u00e9, l\u2019homme qui agite tout autour de lui, bah voil\u00e0, c\u2019\u00e9tait un homme comme \u00e7a, il s\u2019appelle Rachid.&nbsp;\u00bb Elle l\u2019a rencontr\u00e9 au travail, en six mois il lui a lav\u00e9 le cerveau. Me Coutant-Peyre&nbsp;: \u00ab&nbsp;Bon, vous avez dit que les attentats c\u2019\u00e9tait parce qu\u2019ils [l\u2019\u00c9tat Islamique] n\u2019aiment pas le mode de vie fran\u00e7ais et les bombardements, c\u2019est \u00e7a&nbsp;?&nbsp;\u00bb \u00ab&nbsp;Oui.&nbsp;\u00bb Une avocate parte civile veut poser une question mais c\u2019est trop tard. Dans l\u2019ordre c\u2019est&nbsp;: le Pr\u00e9sident\/assesseur, la cour, les parties civiles, l\u2019avocat g\u00e9n\u00e9ral et la d\u00e9fense \u00e0 la fin. Comme le Pr\u00e9sident n\u2019a pas d\u2019autorit\u00e9 il dit&nbsp;: \u00ab&nbsp;Bon euh voil\u00e0 c\u2019est pass\u00e9 le tour&nbsp;! Mais bon bon bon allez-y.&nbsp;\u00bb L\u2019avocate demande si elle a entendu parler des fr\u00e8res Kouachi, la r\u00e9ponse est non. C\u2019est la fin de son audition, le Pr\u00e9sident la remercie et s\u2019appr\u00eate \u00e0 couper l\u2019\u00e9cran mais Sonia dit&nbsp;: \u00ab&nbsp;Attendez, j\u2019ai un message \u00e0 passer s\u2019il vous plait&nbsp;! Charlie Hebdo, c\u2019est important de continuer \u00e7a. C\u2019est ce qu\u2019ils d\u00e9testent l\u00e0-bas, c\u2019est ce qu\u2019ils veulent, faire un malaise dans la soci\u00e9t\u00e9. Vous repr\u00e9sentez la libert\u00e9 alors ne l\u00e2chez pas sur \u00e7a.&nbsp;\u00bb Sonia, 32 ans, veuve du commanditaire de l\u2019Hypercacher, pr\u00eate \u00e0 prendre un abonnement \u00e0 Charlie Hebdo.<\/p>\n\n\n\n<p>On devait entendre Peter Cherif mais on repousse pour dans une heure car il ne veut pas venir. Du coup on voit arriver Antoine, il est dans la fili\u00e8re Lilloise. Il est tr\u00e8s ferm\u00e9, il bossait dans la friterie de Claude Hermant et donc \u00e9tait au courant des armes. Il a un accent et dit \u00ab&nbsp;comme \u00e7\u00f4&nbsp;\u00bb.&nbsp; Il a \u00e9t\u00e9 condamn\u00e9 \u00e0 trois ans, il ne veut rien dire. Le Pr\u00e9sident lui dit&nbsp;: \u00ab&nbsp;Bon, nous on a le d\u00e9but, c\u2019est les armes et Claude Hermant, et on a la fin, c\u2019est les armes et Coulibaly. On veut comprendre l\u2019entre deux, la chaine\u2026&nbsp;\u00bb Mais Antoine ne veut rien l\u00e2cher, il dit juste que Claude Hermant a bien remilitaris\u00e9 les armes. Il dit \u00ab&nbsp;Je ne peux pas vous dire.&nbsp;\u00bb le Pr\u00e9sident : \u00ab&nbsp;D\u00eetes plut\u00f4t que vous ne voulez pas&nbsp;!&nbsp;\u00bb Les t\u00e9moins comme \u00e7a, qui refusent de parler, sont toujours tr\u00e8s fatigants. Le Pr\u00e9sident lui parle de Samir L. celui qui voulait racheter la friterie, et lui lit une partie du jugement de Lille. Antoine a d\u00e9clar\u00e9 avoir vu la remilitarisation de douze kalachnikovs, dix scorpions, et cinq ou six armes de poing. Le Pr\u00e9sident&nbsp;: \u00ab&nbsp;Bon, c\u2019est pas tr\u00e8s l\u00e9gal tout \u00e7a&nbsp;! Enfin \u00e7a rapporte plus que des frites. Claude Hermant, c\u2019est un mythomane mais y\u2019a de la r\u00e9alit\u00e9 aussi, le trafic d\u2019armes, c\u2019est une v\u00e9rit\u00e9, la vente d\u2019armes aussi.&nbsp;\u00bb Antoine dit qu\u2019il savait que Claude Hermant \u00e9tait un indic et donc prot\u00e9g\u00e9. Il filmait aussi les rencontres avec les policiers et douanes pour se prot\u00e9ger. Me Coutant-Peyre lui pose des questions sur les services impliqu\u00e9s avec Claude Hermant comme indic : douane, police, gendarmerie, service de renseignement, y\u2019a tout en fait, il manque juste la vie scolaire du lyc\u00e9e Marguerite de Valois d\u2019Angoul\u00eame et y\u2019a toutes les autorit\u00e9s de l\u2019\u00e9tat. Et Me Coutant-Peyre part dans tous les sens, elle parle m\u00eame des frites, bon on apprend que parfois Claude Hermant payait Antoine \u00ab&nbsp;en coca\u00efne&nbsp;\u00bb\u2026 Dans ce proc\u00e8s, quasiment tous les avocats de la d\u00e9fense ont mon admiration pour leur \u00e9loquence, leur intelligence, et puis y\u2019en a un, le personnage de Peyo c\u2019est pas vraiment \u00e7a. Il dit \u00e0 Antoine&nbsp;: \u00ab&nbsp;Ayez du courage, Monsieur, et avouez que les armes d\u2019Hermant, elles \u00e9taient chez Coulibaly&nbsp;!&nbsp;\u00bb Le Pr\u00e9sident&nbsp;: \u00ab&nbsp;Bah, \u00e7a c\u2019est \u00e9tabli par la proc\u00e9dure.&nbsp;\u00bb Me Daphn\u00e9 Pugliesi, la rock star de la d\u00e9fense&nbsp;: \u00ab&nbsp;Bonjour Monsieur, je suis l\u2019avocate d\u2019Amar Ramdani au c\u00f4t\u00e9 de mon confr\u00e8re Saint-Palais.&nbsp;\u00bb Cette pr\u00e9sentation, je l\u2019ai entendue 357 fois je pense. Elle lui parle \u00e9coutes t\u00e9l\u00e9phoniques, lui demande si Samir L. n\u2019est pas un \u00ab&nbsp;fusible&nbsp;\u00bb dans cette histoire. Antoine lui dit&nbsp;: \u00ab&nbsp;C\u2019\u00e9tait le bon coupable, oui. \u00bb Antoine s\u2019en va. On doit entendre Peter Cherif. On a dix minutes de suspension.<\/p>\n\n\n\n<p>Au retour, le Pr\u00e9sident dit que Peter Cherif a son audition de repouss\u00e9e \u00e0 16h30. Il ne veut toujours pas t\u00e9moigner. Il devait t\u00e9moigner \u00e0 10h30, puis 11h30, puis l\u00e0 16h30\u2026 Je pars, exc\u00e9d\u00e9e par \u00e7a en pensant que de toute fa\u00e7on il va refuser de parler. A 16h30, je sors du cin\u00e9ma et j\u2019apprends qu\u2019il doit passer \u00e0 17h30. A 17h30 Peter Cherif refuse toujours de venir t\u00e9moigner. L\u2019audience est suspendue pour un temps ind\u00e9termin\u00e9. Peter Cherif, l\u2019arl\u00e9sienne de ce proc\u00e8s.<\/p>\n\n\n\n<p><\/p>\n","protected":false},"excerpt":{"rendered":"<p>Vendredi 23 octobre 2020. 30\u00e8me audience. Journ\u00e9e visioconf\u00e9rence. La plus attendue est l\u2019audition&nbsp;de Peter Ch\u00e9rif.&#8230;<\/p>\n<div class=\"more-link-wrapper\"><a class=\"more-link\" href=\"https:\/\/chroniquer.fr\/index.php\/2020\/10\/23\/sonia-veuve-du-commanditaire-de-lhypercacher\/\">Read the post<span class=\"screen-reader-text\">Sonia, veuve du commanditaire de l\u2019Hypercacher<\/span><\/a><\/div>\n","protected":false},"author":1,"featured_media":0,"comment_status":"open","ping_status":"open","sticky":false,"template":"","format":"standard","meta":[],"categories":[104,91,90],"tags":[],"_links":{"self":[{"href":"https:\/\/chroniquer.fr\/index.php\/wp-json\/wp\/v2\/posts\/309"}],"collection":[{"href":"https:\/\/chroniquer.fr\/index.php\/wp-json\/wp\/v2\/posts"}],"about":[{"href":"https:\/\/chroniquer.fr\/index.php\/wp-json\/wp\/v2\/types\/post"}],"author":[{"embeddable":true,"href":"https:\/\/chroniquer.fr\/index.php\/wp-json\/wp\/v2\/users\/1"}],"replies":[{"embeddable":true,"href":"https:\/\/chroniquer.fr\/index.php\/wp-json\/wp\/v2\/comments?post=309"}],"version-history":[{"count":3,"href":"https:\/\/chroniquer.fr\/index.php\/wp-json\/wp\/v2\/posts\/309\/revisions"}],"predecessor-version":[{"id":427,"href":"https:\/\/chroniquer.fr\/index.php\/wp-json\/wp\/v2\/posts\/309\/revisions\/427"}],"wp:attachment":[{"href":"https:\/\/chroniquer.fr\/index.php\/wp-json\/wp\/v2\/media?parent=309"}],"wp:term":[{"taxonomy":"category","embeddable":true,"href":"https:\/\/chroniquer.fr\/index.php\/wp-json\/wp\/v2\/categories?post=309"},{"taxonomy":"post_tag","embeddable":true,"href":"https:\/\/chroniquer.fr\/index.php\/wp-json\/wp\/v2\/tags?post=309"}],"curies":[{"name":"wp","href":"https:\/\/api.w.org\/{rel}","templated":true}]}}